{"id":3684,"date":"2020-10-29T11:47:15","date_gmt":"2020-10-29T09:47:15","guid":{"rendered":"http:\/\/www.mladibl.com\/?p=3684"},"modified":"2020-10-29T11:47:17","modified_gmt":"2020-10-29T09:47:17","slug":"obiljezavanje-nedjelje-medijske-i-informacione-pismenosti","status":"publish","type":"post","link":"https:\/\/www.mladibl.com\/?p=3684","title":{"rendered":"Obilje\u017eavanje Nedjelje medijske i informacione pismenosti"},"content":{"rendered":"\n<p>Povodom obilje\u017eavanja Nedjelje medijske i informacione pismenosti, na Fakultetu politi\u010dkih nauka Univerziteta u Banjoj Luci, 30. oktobra 2020. godine odr\u017ea\u0107e se debata \u201eMedijska i informaciona pismenost: uloga i zna\u010daj u vrijeme infodemije i pandemije virusa korona\u201c .<\/p>\n\n\n\n<p>Cilj debate, koja \u0107e biti odr\u017eana u amfiteatru Fakulteta politi\u010dkih nauka u 12.00 \u010dasova, jeste da uka\u017ee na va\u017enost medijske i informacione pismenosti (MIP), pogotovo u vrijeme infodemije, neprovjerenih vijesti i suo\u010davanja sa razli\u010ditim rizicima i izazovima u dana\u0161njem komunikacionom okru\u017eenju.<\/p>\n\n\n\n<p>\u201ePojava virusa korona i izvje\u0161tavanje o pandemiji tra\u017ei dodatno znanje i vje\u0161tine za svakog gra\u0111anina kako bi mogli kriti\u010dki vrednovati i koristiti medijske informacije. Upravo te kompetencije mogu osna\u017eiti gra\u0111ane za pristup informacijama i znanju, neophodnim za slobodu izra\u017eavanja u okvirima etike komuniciranja&#8221;, navodi se u najavi debate.<\/p>\n\n\n\n<p>U okviru debate govori\u0107e se, izme\u0111u ostalog, o na\u010dinu kori\u0161\u0107enja i vrednovanja informacija o virusu korona (KOVID 19), povjerenju u izvore informacija, \u201ela\u017enim vijestima\u201c, izvje\u0161tavanju o temama koje se ti\u010du zdravlja tokom pandemije virusa korona i filmu \u201eNema heroja bez maske\u201c. Ovo je prilika i da se govori o ulozi Regulatorne agencije za komunikacije (RAK) Bosne i Hercegovine u borbi protiv dezinformacija i infodemije, te rezultatima Ministarstva saobra\u0107aja i veza u Vladi Republike Srpske u promovisanju medijske pismenosti.<\/p>\n\n\n\n<p>U debati u\u010destvuju studenti Fakulteta politi\u010dkih nauka i panelisti: docent na Fakultetu politi\u010dkih nauka Univerziteta u Banjoj Luci dr Dragana Trnini\u0107, urednik emisije \u201eZdravosfera\u201c Radio-televizije Republike Srpske i autor filma \u201eNema heroja bez maske\u201c Biljana Mari\u0107, stru\u010dni savjetnik za programski sadr\u017eaj i regulativu u emitovanju u Regulatornoj agenciji za komunikacije Bosne i Hercegovine Sanja Doki\u0107 Mr\u0161a i stru\u010dni savjetnik za telekomunikacije u Ministarstvu saobra\u0107aja i veza Republike Srpske Sandra Kova\u010devi\u0107 \u0110ur\u0111evi\u0107.<\/p>\n\n\n\n<p>Doga\u0111aj se organizuje uz ograni\u010den broj u\u010desnika i po\u0161tovanje svih epidemiolo\u0161kih mjera.<\/p>\n\n\n\n<p>Detalje o globalnom doga\u0111aju obilje\u017eavanja Nedjelje medijske i informacione pismenosti dostupni su na ovom <strong><a href=\"https:\/\/en.unesco.org\/commemorations\/globalmilweek\" target=\"_blank\" rel=\"noreferrer noopener\" aria-label=\"linku (opens in a new tab)\">linku<\/a><\/strong>.<\/p>\n\n\n\n<p>Program debate mo\u017eete preuzeti <strong><a href=\"https:\/\/unibl.org\/uploads\/files\/vesti\/2020\/10\/Dnevni%20red.docx\" target=\"_blank\" rel=\"noreferrer noopener\" aria-label=\"ovdje (opens in a new tab)\">ovdje<\/a><\/strong>.<\/p>\n\n\n\n<p>Preuzeto sa: <a href=\"https:\/\/unibl.org\/sr-lat\/vesti\/2020\/10\/obiljezavanje-nedjelje-medijske-i-informacione-pismenosti\" target=\"_blank\" rel=\"noreferrer noopener\" aria-label=\"Univerzitet u Banjoj Luci (opens in a new tab)\">Univerzitet u Banjoj Luci<\/a><\/p>\n","protected":false},"excerpt":{"rendered":"<p>Povodom obilje\u017eavanja Nedjelje medijske i informacione pismenosti, na Fakultetu politi\u010dkih nauka Univerziteta u Banjoj Luci, 30. oktobra 2020. godine odr\u017ea\u0107e<\/p>\n","protected":false},"author":1,"featured_media":3685,"comment_status":"closed","ping_status":"open","sticky":false,"template":"","format":"standard","meta":{"om_disable_all_campaigns":false,"_monsterinsights_skip_tracking":false,"_monsterinsights_sitenote_active":false,"_monsterinsights_sitenote_note":"","_monsterinsights_sitenote_category":0,"footnotes":""},"categories":[6],"tags":[1308,1490,1489,1723,1255],"class_list":["post-3684","post","type-post","status-publish","format-standard","has-post-thumbnail","hentry","category-dogadjaji","tag-debata","tag-informaciona-pismenost","tag-medijska-pismenost","tag-nedjelja","tag-obiljezavanje"],"jetpack_featured_media_url":"https:\/\/www.mladibl.com\/wp-content\/uploads\/2020\/10\/Obilje\u017eavanje-Nedjelje-medijske-i-informacione-pismenosti.jpg","amp_enabled":true,"_links":{"self":[{"href":"https:\/\/www.mladibl.com\/index.php?rest_route=\/wp\/v2\/posts\/3684","targetHints":{"allow":["GET"]}}],"collection":[{"href":"https:\/\/www.mladibl.com\/index.php?rest_route=\/wp\/v2\/posts"}],"about":[{"href":"https:\/\/www.mladibl.com\/index.php?rest_route=\/wp\/v2\/types\/post"}],"author":[{"embeddable":true,"href":"https:\/\/www.mladibl.com\/index.php?rest_route=\/wp\/v2\/users\/1"}],"replies":[{"embeddable":true,"href":"https:\/\/www.mladibl.com\/index.php?rest_route=%2Fwp%2Fv2%2Fcomments&post=3684"}],"version-history":[{"count":1,"href":"https:\/\/www.mladibl.com\/index.php?rest_route=\/wp\/v2\/posts\/3684\/revisions"}],"predecessor-version":[{"id":3686,"href":"https:\/\/www.mladibl.com\/index.php?rest_route=\/wp\/v2\/posts\/3684\/revisions\/3686"}],"wp:featuredmedia":[{"embeddable":true,"href":"https:\/\/www.mladibl.com\/index.php?rest_route=\/wp\/v2\/media\/3685"}],"wp:attachment":[{"href":"https:\/\/www.mladibl.com\/index.php?rest_route=%2Fwp%2Fv2%2Fmedia&parent=3684"}],"wp:term":[{"taxonomy":"category","embeddable":true,"href":"https:\/\/www.mladibl.com\/index.php?rest_route=%2Fwp%2Fv2%2Fcategories&post=3684"},{"taxonomy":"post_tag","embeddable":true,"href":"https:\/\/www.mladibl.com\/index.php?rest_route=%2Fwp%2Fv2%2Ftags&post=3684"}],"curies":[{"name":"wp","href":"https:\/\/api.w.org\/{rel}","templated":true}]}}