{"id":36614,"date":"2023-12-20T09:58:23","date_gmt":"2023-12-20T07:58:23","guid":{"rendered":"https:\/\/www.mladibl.com\/?p=36614"},"modified":"2023-12-20T09:58:25","modified_gmt":"2023-12-20T07:58:25","slug":"11-ms-community-bih-konferencija-ucestvujte-na-dvodnevnom-skupu","status":"publish","type":"post","link":"https:\/\/www.mladibl.com\/?p=36614","title":{"rendered":"11. MS Community BiH konferencija: U\u010destvujte na dvodnevnom skupu"},"content":{"rendered":"\n<p>Jedanaesto izdanje MS Community BiH konferencije, uz NetWork konferenciju, isti\u010de se kao jedan od klju\u010dnih IT doga\u0111aja u Bosni i Hercegovini.<\/p>\n\n\n\n<hr class=\"wp-block-separator has-alpha-channel-opacity\"\/>\n\n\n\n<p>Ovaj skup svake godine privla\u010di zna\u010dajan broj IT stru\u010dnjaka, kako iz zemlje, tako i iz regiona, postaju\u0107i sredi\u0161nje mjesto za razmjenu znanja i informacija u IT sektoru. Kao organizator, MS Community BiH, neprofitna i volonterska organizacija, posve\u0107ena je dijeljenju znanja i iskustava me\u0111u IT profesionalcima, in\u017eenjerima, programerima i partnerima, te kontinuirano promovi\u0161e najnovije svjetske trendove i tehnolo\u0161ke inovacije, otvaraju\u0107i prostor za profesionalni napredak i razvoj svakog pojedinca.<\/p>\n\n\n\n<p>Prate\u0107i rastu\u0107i zna\u010daj i obim doga\u0111aja, MS Community BiH ove godine uvodi novinu \u2013 konferencija \u0107e po prvi put biti organizovana kao dvodnevni skup. Planirana je 18. i 19. aprila 2024. godine, i bit \u0107e odr\u017eana u Kongresno-rekreacionom centru Garden City u Konjicu, \u0161to predstavlja jo\u0161 jednu promjenu s obzirom na to da su prethodne konferencije uglavnom odr\u017eavale u Sarajevu. Slogan \u20181nspire 1nnovate\u2019 odra\u017eava ambiciju organizatora da podstaknu inovativnost i kreativnost u IT zajednici, kreiraju\u0107i prostor za intenzivnu razmjenu znanja i iskustava.<a href=\"https:\/\/studomat.ba\/studentski-popusti-za-voznju-do-faksa-iskoristi-10-km-gratis-dopune-za-voznju-elektricnim-skuterima\/167264\/\"><\/a><\/p>\n\n\n\n<p><strong>Mo\u017eda te i ovo zanima?<\/strong><\/p>\n\n\n\n<p>Tako\u0111e, posebno je zna\u010dajno naglasiti da je Grad Konjic prepoznao zna\u010daj ovog doga\u0111aja, te je ove godine generalni pokrovitelj MS Community BiH konferencije.<\/p>\n\n\n\n<p>Povodom najave ove konferencije, Damir Dizdarevi\u0107, osniva\u010d i predsjednik neprofitne organizacije MS Community BiH i generalni direktor kompanije Logosoft d.o.o. Sarajevo, iznio je svoje vi\u0111enje o va\u017enosti ovog doga\u0111aja za IT zajednicu, te rekao sljede\u0107e: \u201eOd samog po\u010detka, MSCommunity konferenciju vidimo na prvom mjestu kao prostor za dijeljenje i \u0161irenje znanja kako izme\u0111u IT profesionalaca, tako i izme\u0111u svih entuzijasta koji u\u017eivaju u onome \u0161to nam donose informacione tehnologije. Organizuju\u0107i je kao potpuno neprofitni doga\u0111aj, fokusirani smo upravo na dru\u017eenje, razmjenu iskustava i zanimljive teme kojih, pogotovo danas, u IT-u nikako ne manjka. Ponovo imamo vrhunske predava\u010de, razli\u010dite formate predavanja, novu lokaciju tako da se istinski radujem ovom doga\u0111aju.\u201c<\/p>\n\n\n\n<p>Konferencija obe\u0107ava da okupi eminentne stru\u010dnjake koji \u0107e predstaviti napredak u cloud tehnologijama, razvoju softvera, umjetnoj inteligenciji, i IoT-u. S predavanjima i radionicama fokusiranim na tehnolo\u0161ke inovacije, doga\u0111aj nastoji osna\u017eiti profesionalce sa alatima i znanjem potrebnim za navigaciju u dinami\u010dnom tehnolo\u0161kom pejza\u017eu.<\/p>\n\n\n\n<p>Vi\u0161e informacija o ovogodi\u0161njoj MS Community BiH konferenciji mo\u017ee se prona\u0107i na\u00a0<strong><a href=\"https:\/\/konferencija.mscommunity.ba\/\" target=\"_blank\" rel=\"noreferrer noopener\">linku<\/a><\/strong>.<\/p>\n\n\n\n<p>Preuzeto sa: <a href=\"https:\/\/studomat.ba\/11-ms-community-bih-konferencija-ucestvujte-na-dvodnevnom-skupu\/168925\/\" data-type=\"link\" data-id=\"https:\/\/studomat.ba\/11-ms-community-bih-konferencija-ucestvujte-na-dvodnevnom-skupu\/168925\/\" target=\"_blank\" rel=\"noreferrer noopener\">studomat.ba<\/a><\/p>\n","protected":false},"excerpt":{"rendered":"<p>Jedanaesto izdanje MS Community BiH konferencije, uz NetWork konferenciju, isti\u010de se kao jedan od klju\u010dnih IT doga\u0111aja u Bosni i<\/p>\n","protected":false},"author":1,"featured_media":36617,"comment_status":"closed","ping_status":"open","sticky":false,"template":"","format":"standard","meta":{"om_disable_all_campaigns":false,"_monsterinsights_skip_tracking":false,"_monsterinsights_sitenote_active":false,"_monsterinsights_sitenote_note":"","_monsterinsights_sitenote_category":0,"footnotes":""},"categories":[6],"tags":[184,11083],"class_list":["post-36614","post","type-post","status-publish","format-standard","has-post-thumbnail","hentry","category-dogadjaji","tag-konferencija","tag-ms-community-bih"],"jetpack_featured_media_url":"https:\/\/www.mladibl.com\/wp-content\/uploads\/2023\/12\/11.-MS-Community-BiH-konferencija_-Ucestvujte-na-dvodnevnom-skupu.jpg","amp_enabled":true,"_links":{"self":[{"href":"https:\/\/www.mladibl.com\/index.php?rest_route=\/wp\/v2\/posts\/36614","targetHints":{"allow":["GET"]}}],"collection":[{"href":"https:\/\/www.mladibl.com\/index.php?rest_route=\/wp\/v2\/posts"}],"about":[{"href":"https:\/\/www.mladibl.com\/index.php?rest_route=\/wp\/v2\/types\/post"}],"author":[{"embeddable":true,"href":"https:\/\/www.mladibl.com\/index.php?rest_route=\/wp\/v2\/users\/1"}],"replies":[{"embeddable":true,"href":"https:\/\/www.mladibl.com\/index.php?rest_route=%2Fwp%2Fv2%2Fcomments&post=36614"}],"version-history":[{"count":1,"href":"https:\/\/www.mladibl.com\/index.php?rest_route=\/wp\/v2\/posts\/36614\/revisions"}],"predecessor-version":[{"id":36618,"href":"https:\/\/www.mladibl.com\/index.php?rest_route=\/wp\/v2\/posts\/36614\/revisions\/36618"}],"wp:featuredmedia":[{"embeddable":true,"href":"https:\/\/www.mladibl.com\/index.php?rest_route=\/wp\/v2\/media\/36617"}],"wp:attachment":[{"href":"https:\/\/www.mladibl.com\/index.php?rest_route=%2Fwp%2Fv2%2Fmedia&parent=36614"}],"wp:term":[{"taxonomy":"category","embeddable":true,"href":"https:\/\/www.mladibl.com\/index.php?rest_route=%2Fwp%2Fv2%2Fcategories&post=36614"},{"taxonomy":"post_tag","embeddable":true,"href":"https:\/\/www.mladibl.com\/index.php?rest_route=%2Fwp%2Fv2%2Ftags&post=36614"}],"curies":[{"name":"wp","href":"https:\/\/api.w.org\/{rel}","templated":true}]}}