{"id":3640,"date":"2020-10-27T10:46:26","date_gmt":"2020-10-27T08:46:26","guid":{"rendered":"http:\/\/www.mladibl.com\/?p=3640"},"modified":"2020-10-27T10:51:35","modified_gmt":"2020-10-27T08:51:35","slug":"prostorno-uredenje-poziv-za-dostavu-prijedloga-2","status":"publish","type":"post","link":"https:\/\/www.mladibl.com\/?p=3640","title":{"rendered":"Prostorno ure\u0111enje: Poziv za dostavu prijedloga"},"content":{"rendered":"\n<p>Odjeljenje za prostorno ure\u0111enje obavje\u0161tava javnost da je na sjednici Skup\u0161tine grada odr\u017eanoj 02.09. i 03.09. 2020. godine donesena Odluka o izmjeni dijela Regulacionog plana \u201eLau\u0161 1\u201c (\u201cSl.gl. Grada Banjaluka\u201c br. 28\/20).<\/p>\n\n\n\n<p>Izmjenom Plana bi\u0107e obuhva\u0107en prostor uz  Ulicu Anke Drakuli\u0107, a odnosi se na  k.\u010d. br. 1258 i dio k.\u010d. br. 3235, obe u k.o. Banja Luka 8 (n. p.), u ukupnoj povr\u0161ini od 0,12 hektara i grafi\u010dki je prikazan na karti koja \u0107e biti izlo\u017eena u prostorijama Gradske uprave i prostorijama Mjesne zajednice Pobr\u0111e, 15 dana od dana objavljivanja. Obuhvat Plana objavljen je i na ovoj internet stranici.<\/p>\n\n\n\n<p>Iz odjeljanja pozivaju zainteresovana lica, vlasnike nekretnina, korisnike prostora i u\u010desnike u njegovoj izgradnji i ure\u0111ivanju da dostave svoje prijedloge i sugestije za odre\u0111ena planska rje\u0161enja na zemlji\u0161tu ili objektima, odnosno objektu u njihovom vlasni\u0161tvu.<\/p>\n\n\n\n<p>Prijedlozi i sugestije mogu se dostaviti Gradskoj upravi Grada Banjaluka \u2013 Odjeljenju za prostorno ure\u0111enje u formi dopisa do 10. novembra 2020.godine.<\/p>\n\n\n\n<p>Preuzeto sa: <a href=\"http:\/\/www.banjaluka.rs.ba\/%d0%bf%d1%80%d0%be%d1%81%d1%82%d0%be%d1%80%d0%bd%d0%be-%d1%83%d1%80%d0%b5%d1%92%d0%b5%d1%9a%d0%b5-%d0%bf%d0%be%d0%b7%d0%b8%d0%b2-%d0%b7%d0%b0-%d0%b4%d0%be%d1%81%d1%82%d0%b0%d0%b2%d1%83-%d0%bf%d1%80-4\/\" target=\"_blank\" rel=\"noreferrer noopener\" aria-label=\"Grad Banja Luka (opens in a new tab)\">Grad Banja Luka<\/a><\/p>\n","protected":false},"excerpt":{"rendered":"<p>Odjeljenje za prostorno ure\u0111enje obavje\u0161tava javnost da je na sjednici Skup\u0161tine grada odr\u017eanoj 02.09. i 03.09. 2020. godine donesena Odluka<\/p>\n","protected":false},"author":1,"featured_media":3647,"comment_status":"closed","ping_status":"open","sticky":false,"template":"","format":"standard","meta":{"om_disable_all_campaigns":false,"_monsterinsights_skip_tracking":false,"_monsterinsights_sitenote_active":false,"_monsterinsights_sitenote_note":"","_monsterinsights_sitenote_category":0,"footnotes":""},"categories":[2],"tags":[27,513],"class_list":["post-3640","post","type-post","status-publish","format-standard","has-post-thumbnail","hentry","category-vijesti","tag-grad-banja-luka","tag-prostorno-uredenje"],"jetpack_featured_media_url":"https:\/\/www.mladibl.com\/wp-content\/uploads\/2020\/10\/Prostorno-ure\u0111enje-Poziv-za-dostavu-prijedloga-1.jpg","amp_enabled":true,"_links":{"self":[{"href":"https:\/\/www.mladibl.com\/index.php?rest_route=\/wp\/v2\/posts\/3640","targetHints":{"allow":["GET"]}}],"collection":[{"href":"https:\/\/www.mladibl.com\/index.php?rest_route=\/wp\/v2\/posts"}],"about":[{"href":"https:\/\/www.mladibl.com\/index.php?rest_route=\/wp\/v2\/types\/post"}],"author":[{"embeddable":true,"href":"https:\/\/www.mladibl.com\/index.php?rest_route=\/wp\/v2\/users\/1"}],"replies":[{"embeddable":true,"href":"https:\/\/www.mladibl.com\/index.php?rest_route=%2Fwp%2Fv2%2Fcomments&post=3640"}],"version-history":[{"count":1,"href":"https:\/\/www.mladibl.com\/index.php?rest_route=\/wp\/v2\/posts\/3640\/revisions"}],"predecessor-version":[{"id":3642,"href":"https:\/\/www.mladibl.com\/index.php?rest_route=\/wp\/v2\/posts\/3640\/revisions\/3642"}],"wp:featuredmedia":[{"embeddable":true,"href":"https:\/\/www.mladibl.com\/index.php?rest_route=\/wp\/v2\/media\/3647"}],"wp:attachment":[{"href":"https:\/\/www.mladibl.com\/index.php?rest_route=%2Fwp%2Fv2%2Fmedia&parent=3640"}],"wp:term":[{"taxonomy":"category","embeddable":true,"href":"https:\/\/www.mladibl.com\/index.php?rest_route=%2Fwp%2Fv2%2Fcategories&post=3640"},{"taxonomy":"post_tag","embeddable":true,"href":"https:\/\/www.mladibl.com\/index.php?rest_route=%2Fwp%2Fv2%2Ftags&post=3640"}],"curies":[{"name":"wp","href":"https:\/\/api.w.org\/{rel}","templated":true}]}}