{"id":36232,"date":"2023-12-05T22:03:00","date_gmt":"2023-12-05T20:03:00","guid":{"rendered":"https:\/\/www.mladibl.com\/?p=36232"},"modified":"2023-12-05T18:42:53","modified_gmt":"2023-12-05T16:42:53","slug":"peto-izdanje-festivala-klasicne-gitare-od-7-do-10-decembra","status":"publish","type":"post","link":"https:\/\/www.mladibl.com\/?p=36232","title":{"rendered":"Peto izdanje Festivala klasi\u010dne gitare od 7. do 10. decembra"},"content":{"rendered":"\n<p>Peti po redu Festival klasi\u010dne gitare \u201eUbuntu Guitarfest\u201c bi\u0107e odr\u017ean u Banjoj Luci od 7. do 10. decembra u organizaciji Asocijacije \u201e102 gitarske \u017eice\u201c.<\/p>\n\n\n\n<p>Kako je saop\u0161tio organizator, centralni doga\u0111aji petog izdanja festivala su dva ve\u010dernja koncerta na kojima \u0107e nastupiti vrhunski gitaristi svjetskog glasa.<\/p>\n\n\n\n<p>-U petak, 8. decembra na klasi\u010dnoj gitari predstavi\u0107e se Roman Viazovski iz Ukrajine, koji dugi niz godina \u017eivi i radi u Njema\u010dkoj, dok \u0107e u subotu, 9. decembra na romanti\u010dnoj gitari nastupiti Anton Baranov iz Rusije \u2013 navodi se u saop\u0161tenju.<\/p>\n\n\n\n<p>Kako su kazali, oba koncerta \u0107e biti odr\u017eana u Koncertnoj dvorani Banskog dvora sa po\u010detkom u 20.00 \u010dasova, a ulaz na koncerte je besplatan.<\/p>\n\n\n\n<p>Dnevni program \u0107e biti odr\u017ean u partnerskim institucijama \u2013 KC Banski dvor i JU Umjetni\u010dka \u0161kola \u201eVlado Milo\u0161evi\u0107\u201c.<\/p>\n\n\n\n<p>Osim takmi\u010denja, koje \u0107e okupiti trideset mladih gitarista i pet zemalja i koje \u0107e u pet starosnih kategorija ocjenjivati me\u0111unarodni \u017eiri, na dnevnom programu su majstorske radionice sa preko pedeset individualnih \u010dasova za mlade gitariste, prezentacija najnovijih instrumenata banjalu\u010dkog graditelja Zorana Kuva\u010da, ali i prezentacija internet stranice za u\u010denje gitare \u201esvirajmogitaru.org\u201c namijenjene slijepima i slabovidima.<\/p>\n\n\n\n<p>Dio programa je i predavanje\/razgovor sa umjetnikom na temu \u201eFokalna distonija kod muzi\u010dara\u201d, koje \u0107e odr\u017eati Roman Viazovski koji se preko deset godina bori sa ovim neurolo\u0161kim stanjem koje uzrokuje nevoljne ili neobi\u010dne pokrete u dijelovima tijela, u njegovom slu\u010daju u prstima lijeve ruke.<\/p>\n\n\n\n<p>Grad je podra\u017eao Festival kroz Kalendar kulturnih manifestacija za 2023. godinu.<\/p>\n\n\n\n<figure class=\"wp-block-image size-large\"><img decoding=\"async\" src=\"https:\/\/www.banjaluka.rs.ba\/wp-content\/uploads\/2023\/12\/406581978_805717428212102_3014582747388113992_n.jpg\" alt=\"\"\/><\/figure>\n\n\n\n<p>Preuzeto sa: <a href=\"https:\/\/www.banjaluka.rs.ba\/peto-izdanje-festivala-klasicne-gitare-od-7-do-10-decembra\/\" data-type=\"link\" data-id=\"https:\/\/www.banjaluka.rs.ba\/peto-izdanje-festivala-klasicne-gitare-od-7-do-10-decembra\/\" target=\"_blank\" rel=\"noreferrer noopener\">Grad Banja Luka<\/a><\/p>\n","protected":false},"excerpt":{"rendered":"<p>Peti po redu Festival klasi\u010dne gitare \u201eUbuntu Guitarfest\u201c bi\u0107e odr\u017ean u Banjoj Luci od 7. do 10. decembra u organizaciji<\/p>\n","protected":false},"author":1,"featured_media":36225,"comment_status":"closed","ping_status":"open","sticky":false,"template":"","format":"standard","meta":{"om_disable_all_campaigns":false,"_monsterinsights_skip_tracking":false,"_monsterinsights_sitenote_active":false,"_monsterinsights_sitenote_note":"","_monsterinsights_sitenote_category":0,"footnotes":""},"categories":[2],"tags":[707,6984,12339],"class_list":["post-36232","post","type-post","status-publish","format-standard","has-post-thumbnail","hentry","category-vijesti","tag-festival","tag-klasicna-gitara","tag-ubuntu-guitarfest"],"jetpack_featured_media_url":"https:\/\/www.mladibl.com\/wp-content\/uploads\/2023\/12\/Ubuntu-guitarfest.jpg","amp_enabled":true,"_links":{"self":[{"href":"https:\/\/www.mladibl.com\/index.php?rest_route=\/wp\/v2\/posts\/36232","targetHints":{"allow":["GET"]}}],"collection":[{"href":"https:\/\/www.mladibl.com\/index.php?rest_route=\/wp\/v2\/posts"}],"about":[{"href":"https:\/\/www.mladibl.com\/index.php?rest_route=\/wp\/v2\/types\/post"}],"author":[{"embeddable":true,"href":"https:\/\/www.mladibl.com\/index.php?rest_route=\/wp\/v2\/users\/1"}],"replies":[{"embeddable":true,"href":"https:\/\/www.mladibl.com\/index.php?rest_route=%2Fwp%2Fv2%2Fcomments&post=36232"}],"version-history":[{"count":1,"href":"https:\/\/www.mladibl.com\/index.php?rest_route=\/wp\/v2\/posts\/36232\/revisions"}],"predecessor-version":[{"id":36233,"href":"https:\/\/www.mladibl.com\/index.php?rest_route=\/wp\/v2\/posts\/36232\/revisions\/36233"}],"wp:featuredmedia":[{"embeddable":true,"href":"https:\/\/www.mladibl.com\/index.php?rest_route=\/wp\/v2\/media\/36225"}],"wp:attachment":[{"href":"https:\/\/www.mladibl.com\/index.php?rest_route=%2Fwp%2Fv2%2Fmedia&parent=36232"}],"wp:term":[{"taxonomy":"category","embeddable":true,"href":"https:\/\/www.mladibl.com\/index.php?rest_route=%2Fwp%2Fv2%2Fcategories&post=36232"},{"taxonomy":"post_tag","embeddable":true,"href":"https:\/\/www.mladibl.com\/index.php?rest_route=%2Fwp%2Fv2%2Ftags&post=36232"}],"curies":[{"name":"wp","href":"https:\/\/api.w.org\/{rel}","templated":true}]}}