{"id":36082,"date":"2023-11-30T01:06:16","date_gmt":"2023-11-29T23:06:16","guid":{"rendered":"https:\/\/www.mladibl.com\/?p=36082"},"modified":"2023-11-30T01:20:58","modified_gmt":"2023-11-29T23:20:58","slug":"poziv-za-ucesnike-ce-u-virtuelnim-razmjenama-u-oblasti-medijske-pismenosti-i-interkulturalnog-dijaloga","status":"publish","type":"post","link":"https:\/\/www.mladibl.com\/?p=36082","title":{"rendered":"Poziv za u\u010desnike\/ce u virtuelnim razmjenama u oblasti medijske pismenosti i interkulturalnog dijaloga"},"content":{"rendered":"\n<p>Omladinska novinska asocijacija u Bosni i Hercegovini u okviru projekta \u201eYouth in Western Balkans \u2013 A Virtual Postcard\u201c poziva mlade srednjo\u0161kolce\/ke i studente\/kinje iz cijele Bosne i Hercegovine od 15 do 25 godina da se prijave za onlajn virtuelne razmjene.&nbsp;<strong>Radni jezik interkulturalnih razmjena je engleski<\/strong>.&nbsp;<\/p>\n\n\n\n<p>Virtuelne razmjene vodi\u0107e treneri\/ce koji su pro\u0161li obuke u prethodnim mjesecima. Tema interkulturalnog dijaloga bi\u0107e pokrivena kroz razgovor o svemu onome \u0161to na njega uti\u010de: stereotipi i predrasude, govor mr\u017enje, komunikacija, dru\u0161tvene mre\u017ee, medijska pismenost i mnoge druge iz oblasti medija i ljudskih prava. Svaka virtuelna razmjena traja\u0107e<strong>&nbsp;3 do 4 sata<\/strong>.&nbsp;&nbsp;<\/p>\n\n\n\n<p><strong>Kako da se prijavi\u0161?<\/strong>&nbsp;<\/p>\n\n\n\n<p>Prijava \u0107e biti mogu\u0107a putem MLADI kalendara koji je dostupan&nbsp;<a href=\"https:\/\/mladicalendar.com\/register\">ovdje<\/a>. Potrebno je da se registruje\u0161, a registracija je veoma laka: neophodno je da unese\u0161 svoj mejl, ime i prezime, broj mobilnog telefona, lozinku i da ozna\u010di\u0161 zemlju iz koje dolazi\u0161. Nakon toga \u0107e\u0161 mo\u0107i da se prijavi\u0161 na MLADI kalendar i odabere\u0161 termin.&nbsp;<\/p>\n\n\n\n<p>Termini su podijeljeni u razmjene namijenjene srednjo\u0161kolcima i razmjene namijenjene studentima, jer \u0107e se sadr\u017eaj razmjena razlikovati zavisno od toga kome su namijenjene. Bitno je da odabere\u0161 termin koji \u017eeli\u0161 i trenera\/icu kod koga\/koje \u0107e\u0161 poha\u0111ati virtuelne razmjene. Sa tobom \u0107e biti mladi iz Crne Gore, Srbije i Sjeverne Makedonije.&nbsp;<\/p>\n\n\n\n<p><strong>Koji su uslovi u\u010de\u0161\u0107a na virtuelnim razmenama?<\/strong>&nbsp;<\/p>\n\n\n\n<p>Uslovi su sljede\u0107i:&nbsp;<\/p>\n\n\n\n<ul class=\"wp-block-list\">\n<li>Bitno je da si mlada osoba od 15 do 25 godina, srednjo\u0161kolac\/ka i\/ili student\/ica nekog od fakulteta u Bosni i Hercegovini&nbsp;<\/li>\n\n\n\n<li>Da ima\u0161 pristup internetu&nbsp;&nbsp;<\/li>\n\n\n\n<li>Da bude\u0161 sve vrijeme na razmjeni koja ne\u0107e trajati du\u017ee od 4 sata&nbsp;<\/li>\n<\/ul>\n\n\n\n<p><strong>\u0160ta dobija\u0161?<\/strong>&nbsp;<\/p>\n\n\n\n<ul class=\"wp-block-list\">\n<li>Znanje iz oblasti medijske pismenosti i interkulturalnog dijaloga&nbsp;<\/li>\n\n\n\n<li>Razmjenu iskustava sa srednjo\u0161kolcima\/kama i\/ili studentima\/kinjama iz regiona&nbsp;<\/li>\n\n\n\n<li>\u010ceka te i&nbsp;<strong>sertifikat<\/strong>&nbsp;koji potvr\u0111uje da si uspje\u0161no zavr\u0161io\/la virtuelnu razmjenu&nbsp;<\/li>\n<\/ul>\n\n\n\n<p>Sem virtuelnih razmjena na kojima \u0107e\u0161 prisustvovati, u naredne dvije godine pripremamo i mnogo\u00a0<strong>vrijednih nagrada u kojima \u0107e\u0161 mo\u0107i da u\u010destvuje\u0161 ba\u0161 zato \u0161to bio\/la dio na\u0161ih razmjena<\/strong>, te \u0107e\u0161 to znanje mo\u0107i da prika\u017ee\u0161 u kreiranju multimedijalnih sadr\u017eaja i osvoji\u0161 neke od nagrada.\u00a0\u200b\u200b\u00a0Pored toga, najaktivniji\/e i najuspe\u0161niji\/e u\u010desnici\/ce razmena ima\u0107e priliku da se sastanu u\u017eivo (u jednoj od \u010detiri zemlje koje u\u010destvuju u razmjenama) i dobiju podr\u0161ku projektnog tima da zajedno proizvedu multimedijalne sadr\u017eaje koji se bave temom interkulturalnog dijaloga.\u00a0<\/p>\n\n\n\n<p>Za sve dodatne informacije u vezi sa virtuelnim razmenama i prijavljivanju mo\u017eete se obratiti&nbsp; An\u0111eli Borov\u010danin Kne\u017eevi\u0107 na mail&nbsp;<a href=\"mailto:andjela.borovcanin-knezevic@onaubih.ba\">andjela.borovcanin-knezevic@onaubih.ba<\/a>&nbsp;<\/p>\n\n\n\n<p>Virtuelne razmjene sprovode se u okviru projekta&nbsp;<em>\u201eYouth in Western Balkans \u2013 A Virtual Postcard\u201c<\/em>&nbsp;u saradnji Omladinske Novinske Asocijacije u Bosni i Hercegovini i Instituta za medije i razli\u010ditosti \u2013 Zapadni Balkan, Foruma Mladi i Neformalna Edukacija (FORUM MNE) iz Crne Gore i Mladinski Obrazoven Forum (YEF) iz Sjeverne Makedonije.&nbsp;<\/p>\n\n\n\n<p><strong>\u0160ta \u010deka\u0161? Prijavi se \u0161to prije i budi polaznik\/ca na\u0161ih virtuelnih razmjena.<\/strong>\u00a0<\/p>\n\n\n\n<p>Preuzeto sa: <a href=\"https:\/\/onaubih.ba\/poziv-za-ucesnike-ce-u-virtuelnim-razmjenama-u-oblasti-medijske-pismenosti-i-interkulturalnog-dijaloga\/\" data-type=\"link\" data-id=\"https:\/\/onaubih.ba\/poziv-za-ucesnike-ce-u-virtuelnim-razmjenama-u-oblasti-medijske-pismenosti-i-interkulturalnog-dijaloga\/\" target=\"_blank\" rel=\"noreferrer noopener\">onaubih.ba<\/a><\/p>\n","protected":false},"excerpt":{"rendered":"<p>Omladinska novinska asocijacija u Bosni i Hercegovini u okviru projekta \u201eYouth in Western Balkans \u2013 A Virtual Postcard\u201c poziva mlade<\/p>\n","protected":false},"author":1,"featured_media":36070,"comment_status":"closed","ping_status":"open","sticky":false,"template":"","format":"standard","meta":{"om_disable_all_campaigns":false,"_monsterinsights_skip_tracking":false,"_monsterinsights_sitenote_active":false,"_monsterinsights_sitenote_note":"","_monsterinsights_sitenote_category":0,"footnotes":""},"categories":[8692,370],"tags":[10753,1489,12304],"class_list":["post-36082","post","type-post","status-publish","format-standard","has-post-thumbnail","hentry","category-izdvajamo","category-ostalo","tag-interkulturalni-dijalog","tag-medijska-pismenost","tag-virtuelne-razmjene"],"jetpack_featured_media_url":"https:\/\/www.mladibl.com\/wp-content\/uploads\/2023\/11\/Poziv-za-ucesnike_ce-u-virtuelnim-razmjenama-u-oblasti-medijske-pismenosti-i-interkulturalnog-dijaloga.jpg","amp_enabled":true,"_links":{"self":[{"href":"https:\/\/www.mladibl.com\/index.php?rest_route=\/wp\/v2\/posts\/36082","targetHints":{"allow":["GET"]}}],"collection":[{"href":"https:\/\/www.mladibl.com\/index.php?rest_route=\/wp\/v2\/posts"}],"about":[{"href":"https:\/\/www.mladibl.com\/index.php?rest_route=\/wp\/v2\/types\/post"}],"author":[{"embeddable":true,"href":"https:\/\/www.mladibl.com\/index.php?rest_route=\/wp\/v2\/users\/1"}],"replies":[{"embeddable":true,"href":"https:\/\/www.mladibl.com\/index.php?rest_route=%2Fwp%2Fv2%2Fcomments&post=36082"}],"version-history":[{"count":1,"href":"https:\/\/www.mladibl.com\/index.php?rest_route=\/wp\/v2\/posts\/36082\/revisions"}],"predecessor-version":[{"id":36083,"href":"https:\/\/www.mladibl.com\/index.php?rest_route=\/wp\/v2\/posts\/36082\/revisions\/36083"}],"wp:featuredmedia":[{"embeddable":true,"href":"https:\/\/www.mladibl.com\/index.php?rest_route=\/wp\/v2\/media\/36070"}],"wp:attachment":[{"href":"https:\/\/www.mladibl.com\/index.php?rest_route=%2Fwp%2Fv2%2Fmedia&parent=36082"}],"wp:term":[{"taxonomy":"category","embeddable":true,"href":"https:\/\/www.mladibl.com\/index.php?rest_route=%2Fwp%2Fv2%2Fcategories&post=36082"},{"taxonomy":"post_tag","embeddable":true,"href":"https:\/\/www.mladibl.com\/index.php?rest_route=%2Fwp%2Fv2%2Ftags&post=36082"}],"curies":[{"name":"wp","href":"https:\/\/api.w.org\/{rel}","templated":true}]}}