{"id":3606,"date":"2020-10-26T11:04:23","date_gmt":"2020-10-26T09:04:23","guid":{"rendered":"http:\/\/www.mladibl.com\/?p=3606"},"modified":"2020-10-26T11:07:28","modified_gmt":"2020-10-26T09:07:28","slug":"skole-u-srpskoj-zatvorene-sedam-dana","status":"publish","type":"post","link":"https:\/\/www.mladibl.com\/?p=3606","title":{"rendered":"\u0160kole u Srpskoj zatvorene sedam dana"},"content":{"rendered":"\n<p>Republi\u010dki \u0161tab za vanredne situacije donio je Zaklju\u010dak da sve osnovne i srednje \u0161kole u Republci Srpskoj budu preventivno zatvorene na sedam dana, te da se ograni\u010di rad ugostiteljskih objekata do 22 \u010dasa.<\/p>\n\n\n\n<p>Nastava \u0107e se odvijati onlajn radi preventivnog djelovanja i spre\u010davanja pojave \u0161irenja virusa korona.<\/p>\n\n\n\n<p>Izdata je preporuka svim politi\u010dkim subjektima da ne odr\u017eavaju predizborne skupove do 1. novembra, i da pravosudne institucije svoj rad prilagode novonastaloj epidemiolo\u0161koj situaciji.<\/p>\n\n\n\n<p>Nakon sedam dana, Republi\u010dki \u0161tab razmotri\u0107e sve mjere i odlu\u010diti da li i dalje ostaju na snazi.<\/p>\n\n\n\n<p>Ministar zdravlja i socijalne za\u0161tite Republike Srpske Alen \u0160erani\u0107 rekao je da na visoko\u0161kolskim ustanovama nastava ne\u0107e biti obustavljena, ali da \u0107e u narednih sedam dana, u zavisnosti od epidemiolo\u0161ke situacije, biti revidirane mjere za sve nivoe obrazovanja.<\/p>\n\n\n\n<p>Preuzeto sa: <a href=\"https:\/\/lat.rtrs.tv\/vijesti\/vijest.php?id=406606\" target=\"_blank\" rel=\"noreferrer noopener\" aria-label=\"RTRS (opens in a new tab)\">RTRS<\/a><\/p>\n","protected":false},"excerpt":{"rendered":"<p>Republi\u010dki \u0161tab za vanredne situacije donio je Zaklju\u010dak da sve osnovne i srednje \u0161kole u Republci Srpskoj budu preventivno zatvorene<\/p>\n","protected":false},"author":1,"featured_media":3609,"comment_status":"closed","ping_status":"open","sticky":false,"template":"","format":"standard","meta":{"om_disable_all_campaigns":false,"_monsterinsights_skip_tracking":false,"_monsterinsights_sitenote_active":false,"_monsterinsights_sitenote_note":"","_monsterinsights_sitenote_category":0,"footnotes":""},"categories":[2],"tags":[444,130,783],"class_list":["post-3606","post","type-post","status-publish","format-standard","has-post-thumbnail","hentry","category-vijesti","tag-covid-19","tag-republika-srpska","tag-skole"],"jetpack_featured_media_url":"https:\/\/www.mladibl.com\/wp-content\/uploads\/2020\/10\/\u0160kole-u-Srpskoj-zatvorene-sedam-dana-1.jpg","amp_enabled":true,"_links":{"self":[{"href":"https:\/\/www.mladibl.com\/index.php?rest_route=\/wp\/v2\/posts\/3606","targetHints":{"allow":["GET"]}}],"collection":[{"href":"https:\/\/www.mladibl.com\/index.php?rest_route=\/wp\/v2\/posts"}],"about":[{"href":"https:\/\/www.mladibl.com\/index.php?rest_route=\/wp\/v2\/types\/post"}],"author":[{"embeddable":true,"href":"https:\/\/www.mladibl.com\/index.php?rest_route=\/wp\/v2\/users\/1"}],"replies":[{"embeddable":true,"href":"https:\/\/www.mladibl.com\/index.php?rest_route=%2Fwp%2Fv2%2Fcomments&post=3606"}],"version-history":[{"count":1,"href":"https:\/\/www.mladibl.com\/index.php?rest_route=\/wp\/v2\/posts\/3606\/revisions"}],"predecessor-version":[{"id":3608,"href":"https:\/\/www.mladibl.com\/index.php?rest_route=\/wp\/v2\/posts\/3606\/revisions\/3608"}],"wp:featuredmedia":[{"embeddable":true,"href":"https:\/\/www.mladibl.com\/index.php?rest_route=\/wp\/v2\/media\/3609"}],"wp:attachment":[{"href":"https:\/\/www.mladibl.com\/index.php?rest_route=%2Fwp%2Fv2%2Fmedia&parent=3606"}],"wp:term":[{"taxonomy":"category","embeddable":true,"href":"https:\/\/www.mladibl.com\/index.php?rest_route=%2Fwp%2Fv2%2Fcategories&post=3606"},{"taxonomy":"post_tag","embeddable":true,"href":"https:\/\/www.mladibl.com\/index.php?rest_route=%2Fwp%2Fv2%2Ftags&post=3606"}],"curies":[{"name":"wp","href":"https:\/\/api.w.org\/{rel}","templated":true}]}}