{"id":36046,"date":"2023-11-28T22:42:55","date_gmt":"2023-11-28T20:42:55","guid":{"rendered":"https:\/\/www.mladibl.com\/?p=36046"},"modified":"2023-11-28T22:59:16","modified_gmt":"2023-11-28T20:59:16","slug":"zavrsite-2023-godinu-sa-novim-vjestinama-i-spremni-za-poslovne-izazov","status":"publish","type":"post","link":"https:\/\/www.mladibl.com\/?p=36046","title":{"rendered":"Zavr\u0161ite 2023. godinu sa novim vje\u0161tinama i spremni za poslovne izazov"},"content":{"rendered":"\n<p><strong>Kompanija Molson Coors BH, zajedno sa Centrom za razvoj karijere (CERK) i ove godine organizuje Molson Coors Business Academy. Rije\u010d je o jedinstvenoj online obuci za mlade iz cijele BiH koji \u017eele raditi na sebi, usavr\u0161iti neke od svojih vje\u0161tina i u\u010diti od uspje\u0161nih profesionalaca iz zemlje i inostranstva. Akademija \u0107e obuhvatiti teme kao \u0161to su razvoj novih proizvoda, istra\u017eivanje tr\u017ei\u0161ta, brendiranje i upotreba kreativnosti za dru\u0161tveno korisne namjene. &nbsp;<\/strong><\/p>\n\n\n\n<p>Molson Coors Business Academy je besplatna online akademija, otvorena za sve punoljetne mlade osobe iz Bosne i Hercegovine, bilo da su studenti osnovnih studija, studenti master studija ili drugi mladi. Posebno je korisna za one koji planiraju da se prijave na&nbsp;<a href=\"https:\/\/cerk.info\/ozujsko-business-case-challenge-2023\/\">O\u017eujsko<\/a>&nbsp;i&nbsp;<a href=\"https:\/\/cerk.info\/jelen-business-case-challenge-2023\/\">Jelen Business Case Challenge<\/a>, studentsko takmi\u010denja u rje\u0161avanju poslovnih studija slu\u010daja, ali je otvorena i za u\u010desnike koji samo \u017eele da u\u010destvuju na radionicama ove akademije.<\/p>\n\n\n\n<p><em>\u201eMolson Coors Business Academy je savr\u0161ena prilika za sve mlade i kreativne osobe koje \u017eele da ostvare uspje\u0161nu internacionalnu karijeru ili da pokrenu vlastiti biznis. U\u010desnici \u0107e imati priliku da \u010duju li\u010dna iskustva uspje\u0161nih poslovnih ljudi, o tome kako su oni napredovali i razvijali se, ali i da dobiju savjete o tome kako i u kojem smjeru mogu i sami razvijati svoje poslovne ideje. Ono \u0161to je zna\u010dajno ista\u0107i jeste da je ova akademija besplatna i nije ograni\u010dena samo na studente, tako da vjerujemo da \u0107e i interes &nbsp;mlade populacije, kao i prethodnih godina, biti veliki\u201c, poru\u010dio je&nbsp;<strong>Goran Mi\u0161i\u0107, brand manager u kompaniji Molson Coors BH<\/strong>.<\/em><\/p>\n\n\n\n<p>Akademija \u0107e se odr\u017eati online putem platforme Zoom 2. decembra 2023. godine, a svi u\u010desnici koji odslu\u0161aju akademiju u cijelosti dobit \u0107e certifikat o u\u010de\u0161\u0107u.<\/p>\n\n\n\n<p>Svi zainteresovani za u\u010de\u0161\u0107e svoje podatke \u2013 ime, prezime i fakultet koji poha\u0111ate (ukoliko studirate) mo\u017eete poslati mailom na&nbsp;<a href=\"mailto:kontakt@cerk.info\">kontakt@cerk.info<\/a>.<\/p>\n\n\n\n<p>Vi\u0161e informacija o akademiji i prijavama mo\u017eete prona\u0107i na&nbsp;<a href=\"https:\/\/cerk.info\/molson-coors-business-academy-2023\/\">linku<\/a>, a mo\u017eete i pogledati kako je bilo na jednoj od&nbsp;<a href=\"https:\/\/www.youtube.com\/watch?v=wKcWyj2QGng\">prethodnih akademija<\/a>. Vi\u0161e informacija o predava\u010dima koji \u0107e sa vama dijeliti svoje iskustvo uskoro \u0107e biti dostupno na&nbsp;<a href=\"https:\/\/www.facebook.com\/events\/302393532633434\">Facebook doga\u0111aju akademije<\/a>.<\/p>\n\n\n\n<p><em>\u201eRaduje nas zainteresovanost mladih iz cijele zemlje da se usavr\u0161avaju i rade na sebi, kao i \u010dinjenica da su svjesni da svoja znanja mogu dopuniti ba\u0161 kroz ovakve programe. To \u0107e im sigurno biti od pomo\u0107i u nastavku obrazovanja, ali i na tr\u017ei\u0161tu rada po zavr\u0161etku obrazovanja. Sigurno je da se mladi koji pro\u0111u ovakve programe poka\u017eu kao uspje\u0161ni profesionalci u budu\u0107nosti\u201c, kazao je koordinator akademije,\u00a0<strong>dr. Ljubi\u0161a Mi\u0107i\u0107, profesor sa Ekonomskog fakulteta Univerziteta u Banjoj Luci i predsjednik CERK-a<\/strong>.<\/em><\/p>\n\n\n\n<p><em>&nbsp;<\/em>Ovogodi\u0161nji predava\u010di dolaze iz BiH, ali i inostranstva. U\u010desnike \u0107e u svijet razvoja proizvoda uvesti Tadej Mur\u0161i\u010d, preduzetnik i marketing ekspert iz slovena\u010dkih kompanija Andivi i Alledio, a vi\u0161e o kreativnoj industriji i mogu\u0107nostima povezivanja sa lokalno korisnim inicijativama \u0107e mo\u0107i \u010duti od Ivane Ke\u0161i\u0107, program manad\u017eerice Civitasa, koja je i me\u0111unarodni konsultant i trener iz vi\u0161e oblasti.<\/p>\n\n\n\n<p>Svoju impresivnu profesionalnu evoluciju i karijerni put koji obuhvata vi\u0161e razli\u010ditih klju\u010dnih pozicija u kompaniji kao i projekata koje je vodio na nivou Centralnoisto\u010dne Evrope \u0107e podijeliti Nemanja Vidovi\u0107, direktor finansija za \u010ce\u0161ku i Slova\u010dku u kompaniji Molson Coors CEE, &nbsp;a nakon njega \u0107e Strahinja Tirnani\u0107, preduzetnik iz Srbije, Erasmus+ i YTILI stipendista podijeliti svoje savjete o tome kako ideju pretvoriti u stvarnost.<\/p>\n\n\n\n<p>Iskustva govore da mladi koji ula\u017eu u svoje neformalno obrazovanje jo\u0161 tokom studija imaju uspje\u0161ne karijere po zaposlenju i ostvaruju natprosje\u010dni uspjeh.<\/p>\n\n\n\n<p>Ba\u0161 iz tog razloga Molson Coors Business Academy je savr\u0161en na\u010din da 2023. godinu zavr\u0161ite sa vje\u0161tinama potrebnim za karijeru iz snova!<\/p>\n\n\n\n<p>Preuzeto sa: <a href=\"https:\/\/ultra.ba\/zavrsite-2023-godinu-sa-novim-vjestinama-i-spremni-za-poslovne-izazov\/\" data-type=\"link\" data-id=\"https:\/\/ultra.ba\/zavrsite-2023-godinu-sa-novim-vjestinama-i-spremni-za-poslovne-izazov\/\" target=\"_blank\" rel=\"noreferrer noopener\">ultra.ba<\/a><\/p>\n","protected":false},"excerpt":{"rendered":"<p>Kompanija Molson Coors BH, zajedno sa Centrom za razvoj karijere (CERK) i ove godine organizuje Molson Coors Business Academy. Rije\u010d<\/p>\n","protected":false},"author":1,"featured_media":36031,"comment_status":"closed","ping_status":"open","sticky":false,"template":"","format":"standard","meta":{"om_disable_all_campaigns":false,"_monsterinsights_skip_tracking":false,"_monsterinsights_sitenote_active":false,"_monsterinsights_sitenote_note":"","_monsterinsights_sitenote_category":0,"footnotes":""},"categories":[4,8692],"tags":[1699,1818,950],"class_list":["post-36046","post","type-post","status-publish","format-standard","has-post-thumbnail","hentry","category-edukacija","category-izdvajamo","tag-business-academy","tag-molson-coors","tag-vjestine"],"jetpack_featured_media_url":"https:\/\/www.mladibl.com\/wp-content\/uploads\/2023\/11\/Zavrsite-2023.-godinu-sa-novim-vjestinama-i-spremni-za-poslovne-izazov.jpg","amp_enabled":true,"_links":{"self":[{"href":"https:\/\/www.mladibl.com\/index.php?rest_route=\/wp\/v2\/posts\/36046","targetHints":{"allow":["GET"]}}],"collection":[{"href":"https:\/\/www.mladibl.com\/index.php?rest_route=\/wp\/v2\/posts"}],"about":[{"href":"https:\/\/www.mladibl.com\/index.php?rest_route=\/wp\/v2\/types\/post"}],"author":[{"embeddable":true,"href":"https:\/\/www.mladibl.com\/index.php?rest_route=\/wp\/v2\/users\/1"}],"replies":[{"embeddable":true,"href":"https:\/\/www.mladibl.com\/index.php?rest_route=%2Fwp%2Fv2%2Fcomments&post=36046"}],"version-history":[{"count":1,"href":"https:\/\/www.mladibl.com\/index.php?rest_route=\/wp\/v2\/posts\/36046\/revisions"}],"predecessor-version":[{"id":36047,"href":"https:\/\/www.mladibl.com\/index.php?rest_route=\/wp\/v2\/posts\/36046\/revisions\/36047"}],"wp:featuredmedia":[{"embeddable":true,"href":"https:\/\/www.mladibl.com\/index.php?rest_route=\/wp\/v2\/media\/36031"}],"wp:attachment":[{"href":"https:\/\/www.mladibl.com\/index.php?rest_route=%2Fwp%2Fv2%2Fmedia&parent=36046"}],"wp:term":[{"taxonomy":"category","embeddable":true,"href":"https:\/\/www.mladibl.com\/index.php?rest_route=%2Fwp%2Fv2%2Fcategories&post=36046"},{"taxonomy":"post_tag","embeddable":true,"href":"https:\/\/www.mladibl.com\/index.php?rest_route=%2Fwp%2Fv2%2Ftags&post=36046"}],"curies":[{"name":"wp","href":"https:\/\/api.w.org\/{rel}","templated":true}]}}