{"id":3602,"date":"2020-10-23T15:24:39","date_gmt":"2020-10-23T13:24:39","guid":{"rendered":"http:\/\/www.mladibl.com\/?p=3602"},"modified":"2020-10-23T15:24:42","modified_gmt":"2020-10-23T13:24:42","slug":"olav-reinertsen-mladi-ljudi-su-najvazniji-dio-svakog-drustva","status":"publish","type":"post","link":"https:\/\/www.mladibl.com\/?p=3602","title":{"rendered":"Olav Reinertsen: Mladi ljudi su najva\u017eniji dio svakog dru\u0161tva"},"content":{"rendered":"\n<p>Najnoviji gost online razgovora i doga\u0111aja ,,Kafa sa\u2026\u201d bio je norve\u0161ki ambasador u BiH, nj.e. Olav Reinertsen.<\/p>\n\n\n\n<p>U jedno\u010dasovnoj diskusiji osvrnuli smo se na vi\u0161e tema i razgovarali o kvalitetnim idejama koje zajedni\u010dki mo\u017eemo realizovati u budu\u0107nosti.<\/p>\n\n\n\n<p>Kao osoba koja je tek stigla u BiH ali sa bogatim diplomatskim i profesionalnim iskustvom te znanjem o regiji Zapadnog Balkana, ambasador isti\u010de ljepote na\u0161e zemlje kao veliku strate\u0161ku i razvojnu \u0161ansu. Ni\u0161ta manje ne cijeni i ,,doma\u0107u pamet\u201d koja kao zajednica u norve\u0161kom dru\u0161tvu doprinosi ve\u0107 godinama na razli\u010dite na\u010dine.<\/p>\n\n\n\n<blockquote class=\"wp-block-quote is-layout-flow wp-block-quote-is-layout-flow\"><p>Odliv mladog i obrazovanog stanovni\u0161tva je veliki problem sa kojim se suo\u010davate i zajedno sa ostalim predstavnicima me\u0111unarodne zajednice \u0107u nastojati da ovo pitanje bude u fokusu kako bi mladi imali priliku da svoje potencijale i kapacitete ostvaruju ostaju\u0107i u svojoj dr\u017eavi. &#8211; Olav Reinertsen<\/p><\/blockquote>\n\n\n\n<p>Na\u0161 gost ka\u017ee kako BiH i Norve\u0161ka imaju sjajne diplomatske odnose i da \u0107e u fokusu njegovog mandata biti stvaranje zajedni\u010dke privredne organizacije koja \u0107e raditi na investicionom okviru posebno u tri sektora koja prepoznaje kao bitne za dugoro\u010dna ulaganja:<\/p>\n\n\n\n<ul class=\"wp-block-list\"><li>Obnovljivi izvori energije i za\u0161tita \u017eivotne sredine,<\/li><li>Informaciona i kreativna industrija i tehnologije,<\/li><li>Turizam;<\/li><\/ul>\n\n\n\n<blockquote class=\"wp-block-quote is-layout-flow wp-block-quote-is-layout-flow\"><p>Mladi ljudi su najva\u017eniji dio svakog dru\u0161tva i imaju ogromnu ulogu u kreiranju budu\u0107nosti zemlje! &#8211; Olav Reinertsen<\/p><\/blockquote>\n\n\n\n<p>U svemu ovome posebna pa\u017enje bi\u0107e posve\u0107ena mladim ljudima.<\/p>\n\n\n\n<p>\u201cVa\u017eno je pored odliva stanovni\u0161tva govoriti i o tranzicionom pomirenju. Va\u0161 Ustav, kao Aneks 4 Dejtonskog sporazuma je dobar okvir koji je od BiH napravio kompleksnu dr\u017eavu ali sa \u0161ansom da se u okviru mogu\u0107eg napravi mnogo\u201d, nastavlja on.<\/p>\n\n\n\n<p>Ambasador Reinertsen isti\u010de dobru saradnju ambasade sa UNDP i OSCE te program \u0160kole za politi\u010dke studije Savjeta Evrope kao priliku za usavr\u0161avanje mladih koje ambasada planira podr\u017eavati i dalje.<\/p>\n\n\n\n<p>Na kraju gostovanja, ambasador ka\u017ee da od svog mandata o\u010dekuje nekoliko stvari: \u201cNadam se da \u0107emo biti u prilici da razgovaramo sa svima i doprinesemo dijalogu, da ubrzamo reformsku agendu jer su reforme potreba svake zemlje, kreiramo vi\u0161e odr\u017eivih radnih mjesta i da vidimo vi\u0161e kompanija koje \u0107e do\u0107i ovdje i raditi\u201d, zaklju\u010duje.<\/p>\n\n\n\n<p>Snimak kompletnog doga\u0111aja mo\u017eete pogledati na na\u0161em YouTube kanalu <strong><a rel=\"noreferrer noopener\" aria-label=\"CEREBRA Banja Luka (opens in a new tab)\" href=\"https:\/\/www.youtube.com\/watch?v=ypso79hz5is&amp;feature=youtu.be\" target=\"_blank\">CEREBRA Banja Luka<\/a><\/strong>.<\/p>\n\n\n\n<figure class=\"wp-block-embed-youtube wp-block-embed is-type-video is-provider-youtube wp-embed-aspect-16-9 wp-has-aspect-ratio\"><div class=\"wp-block-embed__wrapper\">\n<iframe loading=\"lazy\" title=\"Kafa sa... Olav Reinertsen, ambasador Norve\u0161ke u BiH\" width=\"800\" height=\"450\" src=\"https:\/\/www.youtube.com\/embed\/ypso79hz5is?feature=oembed\" frameborder=\"0\" allow=\"accelerometer; autoplay; clipboard-write; encrypted-media; gyroscope; picture-in-picture\" allowfullscreen><\/iframe>\n<\/div><\/figure>\n\n\n\n<p>Preuzeto sa: <a href=\"http:\/\/www.cerebra-ngo.com\/?p=1136\" target=\"_blank\" rel=\"noreferrer noopener\" aria-label=\"CEREBRA NGO (opens in a new tab)\">CEREBRA NGO<\/a><\/p>\n","protected":false},"excerpt":{"rendered":"<p>Najnoviji gost online razgovora i doga\u0111aja ,,Kafa sa\u2026\u201d bio je norve\u0161ki ambasador u BiH, nj.e. Olav Reinertsen. U jedno\u010dasovnoj diskusiji<\/p>\n","protected":false},"author":1,"featured_media":3603,"comment_status":"closed","ping_status":"open","sticky":false,"template":"","format":"standard","meta":{"om_disable_all_campaigns":false,"_monsterinsights_skip_tracking":false,"_monsterinsights_sitenote_active":false,"_monsterinsights_sitenote_note":"","_monsterinsights_sitenote_category":0,"footnotes":""},"categories":[449],"tags":[1614,22,457,1613],"class_list":["post-3602","post","type-post","status-publish","format-standard","has-post-thumbnail","hentry","category-organizacije","tag-ambasador-norveske","tag-cerebra","tag-kafa-sa","tag-olav-reinertsen"],"jetpack_featured_media_url":"https:\/\/www.mladibl.com\/wp-content\/uploads\/2020\/10\/Olav-Reinertsen-Mladi-ljudi-su-najva\u017eniji-dio-svakog-dru\u0161tva.jpg","amp_enabled":true,"_links":{"self":[{"href":"https:\/\/www.mladibl.com\/index.php?rest_route=\/wp\/v2\/posts\/3602","targetHints":{"allow":["GET"]}}],"collection":[{"href":"https:\/\/www.mladibl.com\/index.php?rest_route=\/wp\/v2\/posts"}],"about":[{"href":"https:\/\/www.mladibl.com\/index.php?rest_route=\/wp\/v2\/types\/post"}],"author":[{"embeddable":true,"href":"https:\/\/www.mladibl.com\/index.php?rest_route=\/wp\/v2\/users\/1"}],"replies":[{"embeddable":true,"href":"https:\/\/www.mladibl.com\/index.php?rest_route=%2Fwp%2Fv2%2Fcomments&post=3602"}],"version-history":[{"count":1,"href":"https:\/\/www.mladibl.com\/index.php?rest_route=\/wp\/v2\/posts\/3602\/revisions"}],"predecessor-version":[{"id":3604,"href":"https:\/\/www.mladibl.com\/index.php?rest_route=\/wp\/v2\/posts\/3602\/revisions\/3604"}],"wp:featuredmedia":[{"embeddable":true,"href":"https:\/\/www.mladibl.com\/index.php?rest_route=\/wp\/v2\/media\/3603"}],"wp:attachment":[{"href":"https:\/\/www.mladibl.com\/index.php?rest_route=%2Fwp%2Fv2%2Fmedia&parent=3602"}],"wp:term":[{"taxonomy":"category","embeddable":true,"href":"https:\/\/www.mladibl.com\/index.php?rest_route=%2Fwp%2Fv2%2Fcategories&post=3602"},{"taxonomy":"post_tag","embeddable":true,"href":"https:\/\/www.mladibl.com\/index.php?rest_route=%2Fwp%2Fv2%2Ftags&post=3602"}],"curies":[{"name":"wp","href":"https:\/\/api.w.org\/{rel}","templated":true}]}}