{"id":35956,"date":"2023-11-27T01:55:11","date_gmt":"2023-11-26T23:55:11","guid":{"rendered":"https:\/\/www.mladibl.com\/?p=35956"},"modified":"2023-11-27T01:55:12","modified_gmt":"2023-11-26T23:55:12","slug":"zavrseni-svi-radovi-caroban-jesenji-izgled-plaze-izmedu-gradskog-i-zelenog-mosta","status":"publish","type":"post","link":"https:\/\/www.mladibl.com\/?p=35956","title":{"rendered":"Zavr\u0161eni svi radovi: \u010caroban jesenji izgled pla\u017ee izme\u0111u Gradskog i Zelenog mosta"},"content":{"rendered":"\n<p>Nakon \u0161to su uspje\u0161no zavr\u0161eni svi radovi na potezu izme\u0111u Gradskog i Zelenog mosta, Banja Luka je dobila jo\u0161 jednu prekrasnu oazu uz Vrbas.<\/p>\n\n\n\n<p>Potvrdio je ovo i gradona\u010delnik Dra\u0161ko Stanivukovi\u0107, koji je izrazio veliko zadovljstvo \u0161to je ova nova oaza uz Vrbas dodatno uljep\u0161ala na\u0161 grad i \u0161to \u0107e, zahvaljuju\u0107i brojnim sadr\u017eajima, sugra\u0111anima biti na raspolaganju tokom cijele godine.<\/p>\n\n\n\n<p>-Zavr\u0161ili smo sve radove na izgradnji pla\u017ee od Gradskog do Zelenog mosta u du\u017eini od jednog kilometra, koja u jesenjim danima izleda zaista \u010darobno, a siguran sam da \u0107e poseban sjaj imati tokom cijele godine \u2013 istakao je gradona\u010delnik.<\/p>\n\n\n\n<p>Ina\u010de, ova sportsko \u2013 rekreativna zona, koja je ve\u0107 neko vrijeme na raspolaganju gra\u0111anima Banje Luke, oboga\u0107ena je mno\u0161tvom kvalitetnog sadr\u017eaja \u2013 od stijene za penjanje, nove teretane na otvorenom, terena za mali fudbal, rukomet na pijesku, koji istovremeno mo\u017ee da se koristi i za odbojku i za mali fudbal.<\/p>\n\n\n\n<p>Nisu izostali ni novi stolovi za stoni tenis, dok je igrali\u0161te za basket u potpunosti sanirano.<\/p>\n\n\n\n<p>Preuzeto sa: <a href=\"https:\/\/www.banjaluka.rs.ba\/zavrseni-svi-radovi\/\" data-type=\"link\" data-id=\"https:\/\/www.banjaluka.rs.ba\/zavrseni-svi-radovi\/\" target=\"_blank\" rel=\"noreferrer noopener\">Grad Banja Luka<\/a><\/p>\n","protected":false},"excerpt":{"rendered":"<p>Nakon \u0161to su uspje\u0161no zavr\u0161eni svi radovi na potezu izme\u0111u Gradskog i Zelenog mosta, Banja Luka je dobila jo\u0161 jednu<\/p>\n","protected":false},"author":1,"featured_media":35953,"comment_status":"closed","ping_status":"open","sticky":false,"template":"","format":"standard","meta":{"om_disable_all_campaigns":false,"_monsterinsights_skip_tracking":false,"_monsterinsights_sitenote_active":false,"_monsterinsights_sitenote_note":"","_monsterinsights_sitenote_category":0,"footnotes":""},"categories":[2],"tags":[6024,3938],"class_list":["post-35956","post","type-post","status-publish","format-standard","has-post-thumbnail","hentry","category-vijesti","tag-plaza","tag-zeleni-most"],"jetpack_featured_media_url":"https:\/\/www.mladibl.com\/wp-content\/uploads\/2023\/11\/Zavrseni-svi-radovi_-Caroban-jesenji-izgled-plaze-izmedu-Gradskog-i-Zelenog-mosta.jpg","amp_enabled":true,"_links":{"self":[{"href":"https:\/\/www.mladibl.com\/index.php?rest_route=\/wp\/v2\/posts\/35956","targetHints":{"allow":["GET"]}}],"collection":[{"href":"https:\/\/www.mladibl.com\/index.php?rest_route=\/wp\/v2\/posts"}],"about":[{"href":"https:\/\/www.mladibl.com\/index.php?rest_route=\/wp\/v2\/types\/post"}],"author":[{"embeddable":true,"href":"https:\/\/www.mladibl.com\/index.php?rest_route=\/wp\/v2\/users\/1"}],"replies":[{"embeddable":true,"href":"https:\/\/www.mladibl.com\/index.php?rest_route=%2Fwp%2Fv2%2Fcomments&post=35956"}],"version-history":[{"count":1,"href":"https:\/\/www.mladibl.com\/index.php?rest_route=\/wp\/v2\/posts\/35956\/revisions"}],"predecessor-version":[{"id":35957,"href":"https:\/\/www.mladibl.com\/index.php?rest_route=\/wp\/v2\/posts\/35956\/revisions\/35957"}],"wp:featuredmedia":[{"embeddable":true,"href":"https:\/\/www.mladibl.com\/index.php?rest_route=\/wp\/v2\/media\/35953"}],"wp:attachment":[{"href":"https:\/\/www.mladibl.com\/index.php?rest_route=%2Fwp%2Fv2%2Fmedia&parent=35956"}],"wp:term":[{"taxonomy":"category","embeddable":true,"href":"https:\/\/www.mladibl.com\/index.php?rest_route=%2Fwp%2Fv2%2Fcategories&post=35956"},{"taxonomy":"post_tag","embeddable":true,"href":"https:\/\/www.mladibl.com\/index.php?rest_route=%2Fwp%2Fv2%2Ftags&post=35956"}],"curies":[{"name":"wp","href":"https:\/\/api.w.org\/{rel}","templated":true}]}}