{"id":35909,"date":"2023-11-24T10:32:46","date_gmt":"2023-11-24T08:32:46","guid":{"rendered":"https:\/\/www.mladibl.com\/?p=35909"},"modified":"2023-11-24T10:51:24","modified_gmt":"2023-11-24T08:51:24","slug":"reload2-motivira-mlade-uz-tomislava-cvitanusica-i-kasima-tatica","status":"publish","type":"post","link":"https:\/\/www.mladibl.com\/?p=35909","title":{"rendered":"ReLOaD2 motivira mlade uz Tomislava Cvitanu\u0161i\u0107a i Kasima Tati\u0107a"},"content":{"rendered":"\n<p>Regionalni program lokalne demokratije na Zapadnom Balkanu 2 (ReLOaD2) sa zadovoljstvom najavljuje niz doga\u0111aja koji imaju za cilj inspirisati, motivisati i podsta\u0107i mlade \u0161irom Bosne i Hercegovine na postizanje novih dostignu\u0107a!<\/p>\n\n\n\n<p><strong>Regionalni program lokalne demokratije na Zapadnom Balkanu 2 (ReLOaD2)<\/strong>&nbsp;sa zadovoljstvom najavljuje niz doga\u0111aja koji imaju za cilj inspirisati, motivisati i podsta\u0107i mlade \u0161irom Bosne i Hercegovine na postizanje novih dostignu\u0107a! Uz finansijsku podr\u0161ku&nbsp;<strong>Evropske unije<\/strong>,&nbsp;<strong>Razvojni program Ujedinjenih nacija (UNDP)<\/strong>&nbsp;organizovao je motivacione govore koje \u0107e Tomislav Cvitanu\u0161i\u0107 i Kasim Tati\u0107 odr\u017eati u 13 partnerskih gradova i op\u0107ina\/op\u0161tina ReLOaD2 projekta.<\/p>\n\n\n\n<figure class=\"wp-block-image\"><img decoding=\"async\" src=\"https:\/\/lonac.pro\/uploads\/images\/photo-6_1700736945.png\" alt=\"\"\/><\/figure>\n\n\n\n<p><strong>Tomislav Cvitanu\u0161i\u0107<\/strong>&nbsp;poznati je maratonac, triatlonac i alpinista iz Bosne i Hercegovine, koji \u0107e mlade mu\u0161karce i \u017eene povesti na nezaboravno putovanje kroz izuzetne sportske podvige. Tomo nije samo uspje\u0161an sportista ve\u0107 i dobitnik brojnih priznanja, uklju\u010duju\u0107i Specijalnu nagradu Olimpijskog komiteta BiH za promociju bh. sporta. Ovi doga\u0111aji \u0107e biti prilika da sazna\u0161 vi\u0161e o njegovim iskustvima i izazovima koje je savladao, ali i \u010duje\u0161 kako je postao prvi Ironman koji \u017eivi i radi u Bosni i Hercegovini. Upozna\u0107e\u0161 se i s njegovim posljednjim postignu\u0107em &#8211; usponom na najvi\u0161i vrh svijeta, Mount Everest, koji je ostvario u maju ove godine. Uz sve \u0161to \u0107e ti predstaviti, Tomo \u0107e te motivisati da istra\u017ei\u0161 svoje granice i ostvari\u0161 sjajne li\u010dne rezultate.<\/p>\n\n\n\n<p>Prvi datumi i lokacije odr\u017eavanja njegovih motivacionih govora su:<\/p>\n\n\n\n<ol class=\"wp-block-list\">\n<li><strong>PRIJEDOR<\/strong>&nbsp;&#8211; 25. novembar u 11:00h, Amfiteatar medicinske \u0161kole<\/li>\n\n\n\n<li><strong>CENTAR SARAJEVO<\/strong>&nbsp;&#8211; 29. novembar u 18:00h, JU Centar za kulturu i mlade Op\u0107ine Centar Sarajevo<\/li>\n\n\n\n<li><strong>UGLJEVIK<\/strong>&nbsp;&#8211; 02. decembar u 10:00h, Centar za kulturu \u201cFilip Vi\u0161nji\u0107\u201d<\/li>\n<\/ol>\n\n\n\n<figure class=\"wp-block-image\"><img decoding=\"async\" src=\"https:\/\/lonac.pro\/uploads\/images\/photo-4_1700736958.png\" alt=\"\"\/><\/figure>\n\n\n\n<p><strong>Kasim Tati\u0107<\/strong>&nbsp;je profesor na Ekonomskom fakultetu u Sarajevu. Osim \u0161to donosi poseban pristup motivaciji, svojom pri\u010dom o po\u010decima, neobi\u010dnim predavanjima i jedinstvenom pristupu mikroekonomiji, Tati\u0107 \u0107e te nasmijati, inspirisati i potaknuti na razmi\u0161ljanje. Svojim &#8220;Intelektualnim dernekom&#8221;, koji mu je donio posebnu pa\u017enju javnosti, pokazao je kako se ekonomske teme mogu spojiti s humorom, muzikom i zabavom, a u\u010desnike i u\u010desnice na ovim doga\u0111ajima \u0107e podsjetiti na va\u017enost svakodnevnog u\u010denja i istra\u017eivanja, dok istovremeno u\u017eivate u spoju obrazovanja i zabave.<\/p>\n\n\n\n<p>Prvi datumi i lokacije odr\u017eavanja motivacionih govora su:<\/p>\n\n\n\n<ol class=\"wp-block-list\">\n<li><strong>BIHA\u0106<\/strong>&nbsp;&#8211; 24. novembar u 18:00h, MOZAIK Start Up Studio<\/li>\n\n\n\n<li><strong>GRADI\u0160KA<\/strong>&nbsp;&#8211; 25. novembar u 12:00h, Konferencijska sala u Areni Gradi\u0161ka<\/li>\n\n\n\n<li><strong>GORA\u017dDE<\/strong>&nbsp;&#8211; 28. novembar u 12:00h, Sala gradskog vije\u0107a<\/li>\n<\/ol>\n\n\n\n<p>Ukoliko \u017eeli\u0161 da nam se pridru\u017ei\u0161 i poslu\u0161a\u0161 inspirativne pri\u010de na\u0161ih govornika, nau\u010di\u0161 nove perspektive i prona\u0111e\u0161 dodatnu motivaciju za postizanje vrhunskih rezultata u svim aspektima svog \u017eivota,&nbsp;<strong><a target=\"_blank\" href=\"https:\/\/www.undp.org\/bs\/bosnia-herzegovina\/news\/reload2-motivira-mlade-uz-tomislava-cvitanusica-and-kasima-tatica\" rel=\"noreferrer noopener\">pratite datume<\/a>&nbsp;na ReLOaD2 stranici i dru\u0161tvenim mre\u017eama<\/strong>! Prijaviti se mo\u017ee\u0161 putem&nbsp;<a target=\"_blank\" href=\"https:\/\/shorturl.at\/lqOVX\" rel=\"noreferrer noopener\">obrasca<\/a>.<\/p>\n\n\n\n<p>Regionalni program lokalne demokratije na Zapadnom Balkanu 2 (ReLOaD2) finansira Evropska unija, a implementira Razvojni program Ujedinjenih nacija (UNDP).<\/p>\n\n\n\n<p>Preuzeto sa: <a href=\"https:\/\/lonac.pro\/bs\/reload2-motivira-mlade-uz-tomislava-cvitanusica-i-kasima-tatica\" data-type=\"link\" data-id=\"https:\/\/lonac.pro\/bs\/reload2-motivira-mlade-uz-tomislava-cvitanusica-i-kasima-tatica\" target=\"_blank\" rel=\"noreferrer noopener\">Grad Banja Luka<\/a><\/p>\n","protected":false},"excerpt":{"rendered":"<p>Regionalni program lokalne demokratije na Zapadnom Balkanu 2 (ReLOaD2) sa zadovoljstvom najavljuje niz doga\u0111aja koji imaju za cilj inspirisati, motivisati<\/p>\n","protected":false},"author":1,"featured_media":35919,"comment_status":"closed","ping_status":"open","sticky":false,"template":"","format":"standard","meta":{"om_disable_all_campaigns":false,"_monsterinsights_skip_tracking":false,"_monsterinsights_sitenote_active":false,"_monsterinsights_sitenote_note":"","_monsterinsights_sitenote_category":0,"footnotes":""},"categories":[6,8692],"tags":[12274,33,3351,11297],"class_list":["post-35909","post","type-post","status-publish","format-standard","has-post-thumbnail","hentry","category-dogadjaji","category-izdvajamo","tag-kasim-tatic","tag-mladi","tag-motivacija","tag-tomislav-cvitanusic"],"jetpack_featured_media_url":"https:\/\/www.mladibl.com\/wp-content\/uploads\/2023\/11\/ReLOaD2-motivira-mlade-uz-Tomislava-Cvitanusica-i-Kasima-Tatica.jpg","amp_enabled":true,"_links":{"self":[{"href":"https:\/\/www.mladibl.com\/index.php?rest_route=\/wp\/v2\/posts\/35909","targetHints":{"allow":["GET"]}}],"collection":[{"href":"https:\/\/www.mladibl.com\/index.php?rest_route=\/wp\/v2\/posts"}],"about":[{"href":"https:\/\/www.mladibl.com\/index.php?rest_route=\/wp\/v2\/types\/post"}],"author":[{"embeddable":true,"href":"https:\/\/www.mladibl.com\/index.php?rest_route=\/wp\/v2\/users\/1"}],"replies":[{"embeddable":true,"href":"https:\/\/www.mladibl.com\/index.php?rest_route=%2Fwp%2Fv2%2Fcomments&post=35909"}],"version-history":[{"count":1,"href":"https:\/\/www.mladibl.com\/index.php?rest_route=\/wp\/v2\/posts\/35909\/revisions"}],"predecessor-version":[{"id":35920,"href":"https:\/\/www.mladibl.com\/index.php?rest_route=\/wp\/v2\/posts\/35909\/revisions\/35920"}],"wp:featuredmedia":[{"embeddable":true,"href":"https:\/\/www.mladibl.com\/index.php?rest_route=\/wp\/v2\/media\/35919"}],"wp:attachment":[{"href":"https:\/\/www.mladibl.com\/index.php?rest_route=%2Fwp%2Fv2%2Fmedia&parent=35909"}],"wp:term":[{"taxonomy":"category","embeddable":true,"href":"https:\/\/www.mladibl.com\/index.php?rest_route=%2Fwp%2Fv2%2Fcategories&post=35909"},{"taxonomy":"post_tag","embeddable":true,"href":"https:\/\/www.mladibl.com\/index.php?rest_route=%2Fwp%2Fv2%2Ftags&post=35909"}],"curies":[{"name":"wp","href":"https:\/\/api.w.org\/{rel}","templated":true}]}}