{"id":35845,"date":"2023-11-21T23:12:02","date_gmt":"2023-11-21T21:12:02","guid":{"rendered":"https:\/\/www.mladibl.com\/?p=35845"},"modified":"2023-11-21T23:33:17","modified_gmt":"2023-11-21T21:33:17","slug":"push-pauza-5-dijalog-mladih-i-predstavnika-ca-vlasti","status":"publish","type":"post","link":"https:\/\/www.mladibl.com\/?p=35845","title":{"rendered":"Push Pauza\u00a0#5\u00a0&#8211; Dijalog mladih i predstavnika\/ca vlasti"},"content":{"rendered":"\n<p>\ud83d\uddd3\ufe0fDatum: 24. novembar (petak)<\/p>\n\n\n\n<p>\ud83d\udd54Vrijeme: 17.00 sati<\/p>\n\n\n\n<p>\ud83d\udccdLokacija: Dom omladine Banja Luka<br>(\u0110ure Dani\u010di\u0107a 1)<\/p>\n\n\n\n<p>Push Pauza putuje i u Banja Luku! Mladi u Banja Luci u sklopu Inkluzivnog omladinskog kafea \u201cZvjezdice\u201d se okupljaju da bi razgovarali o temama koje uti\u010du na ovu lokalnu zajednicu. \ud83d\udce2\ud83d\udc65<\/p>\n\n\n\n<p>Vidimo se 24. novembra od 17.00 sati u Domu omladine. Ne propustite ovu priliku za stvaranje dijaloga sa lokalnim donosiocima odluka, koji \u0107e moderirati novinarka i ONAuBiH alumni, Vanja \u0160unji\u0107.\ud83e\udd1d\u2728<\/p>\n\n\n\n<p>Ovaj dijalog se realizuje u saradnji sa Bosnia and Herzegovina Resilience Initiative (BHRI) projektom, koji sprovodi Me\u0111unarodna organizacija za migracije (IOM), uz finansijsku podr\u0161ku Austrijske razvojne saradnje.<\/p>\n\n\n\n<p>Preuzeto sa: <a href=\"https:\/\/www.instagram.com\/p\/Cz31MYaNnna\/\" target=\"_blank\" rel=\"noreferrer noopener\">Instagram @onaubih<\/a><\/p>\n","protected":false},"excerpt":{"rendered":"<p>\ud83d\uddd3\ufe0fDatum: 24. novembar (petak) \ud83d\udd54Vrijeme: 17.00 sati \ud83d\udccdLokacija: Dom omladine Banja Luka(\u0110ure Dani\u010di\u0107a 1) Push Pauza putuje i u Banja<\/p>\n","protected":false},"author":1,"featured_media":35830,"comment_status":"closed","ping_status":"open","sticky":false,"template":"","format":"standard","meta":{"om_disable_all_campaigns":false,"_monsterinsights_skip_tracking":false,"_monsterinsights_sitenote_active":false,"_monsterinsights_sitenote_note":"","_monsterinsights_sitenote_category":0,"footnotes":""},"categories":[6,8692],"tags":[3501,33,12257,9236],"class_list":["post-35845","post","type-post","status-publish","format-standard","has-post-thumbnail","hentry","category-dogadjaji","category-izdvajamo","tag-dijalog","tag-mladi","tag-push-pauza","tag-vlada"],"jetpack_featured_media_url":"https:\/\/www.mladibl.com\/wp-content\/uploads\/2023\/11\/Push-Pauza-5-Dijalog-mladih-i-predstavnika_ca-vlasti.jpg","amp_enabled":true,"_links":{"self":[{"href":"https:\/\/www.mladibl.com\/index.php?rest_route=\/wp\/v2\/posts\/35845","targetHints":{"allow":["GET"]}}],"collection":[{"href":"https:\/\/www.mladibl.com\/index.php?rest_route=\/wp\/v2\/posts"}],"about":[{"href":"https:\/\/www.mladibl.com\/index.php?rest_route=\/wp\/v2\/types\/post"}],"author":[{"embeddable":true,"href":"https:\/\/www.mladibl.com\/index.php?rest_route=\/wp\/v2\/users\/1"}],"replies":[{"embeddable":true,"href":"https:\/\/www.mladibl.com\/index.php?rest_route=%2Fwp%2Fv2%2Fcomments&post=35845"}],"version-history":[{"count":1,"href":"https:\/\/www.mladibl.com\/index.php?rest_route=\/wp\/v2\/posts\/35845\/revisions"}],"predecessor-version":[{"id":35846,"href":"https:\/\/www.mladibl.com\/index.php?rest_route=\/wp\/v2\/posts\/35845\/revisions\/35846"}],"wp:featuredmedia":[{"embeddable":true,"href":"https:\/\/www.mladibl.com\/index.php?rest_route=\/wp\/v2\/media\/35830"}],"wp:attachment":[{"href":"https:\/\/www.mladibl.com\/index.php?rest_route=%2Fwp%2Fv2%2Fmedia&parent=35845"}],"wp:term":[{"taxonomy":"category","embeddable":true,"href":"https:\/\/www.mladibl.com\/index.php?rest_route=%2Fwp%2Fv2%2Fcategories&post=35845"},{"taxonomy":"post_tag","embeddable":true,"href":"https:\/\/www.mladibl.com\/index.php?rest_route=%2Fwp%2Fv2%2Ftags&post=35845"}],"curies":[{"name":"wp","href":"https:\/\/api.w.org\/{rel}","templated":true}]}}