{"id":35764,"date":"2023-11-19T23:22:00","date_gmt":"2023-11-19T21:22:00","guid":{"rendered":"https:\/\/www.mladibl.com\/?p=35764"},"modified":"2023-11-19T23:22:01","modified_gmt":"2023-11-19T21:22:01","slug":"izabrano-novo-rukovodstvo-volonterskog-servisa-republike-srpske","status":"publish","type":"post","link":"https:\/\/www.mladibl.com\/?p=35764","title":{"rendered":"Izabrano novo rukovodstvo Volonterskog servisa Republike Srpske"},"content":{"rendered":"\n<p>\u200bPomo\u0107nica ministra za omladinu, Branka Male\u0161evi\u0107, prisustvovala je Skup\u0161tini Volonterskog servisa Republike Srpske na kojoj je izabrano novo rukovodstvo.<\/p>\n\n\n\n<p>Za izvr\u0161nog direktora izabran je Borislav \u0110uri\u0107 iz Lokalnog volonterskog servisa Mrkonji\u0107 Grad, novi predsjednik Skup\u0161tine je Vanja Ili\u0107 iz LVS-a Lakta\u0161i , a potpredjsednik Skup\u0161tine, Tanja \u0160njegota iz LVS-a Srbac.<\/p>\n\n\n\n<p>Na sjednici su razmatrane planirane aktivnosti za naredni period, posebno kada je rije\u010d o obilje\u017eavanju 5.decembra &#8211; Me\u0111unarodnog dana volontera.<\/p>\n\n\n\n<p>Sjedi\u0161te Volonterskog Servisa u narednom periodu bi\u0107e u LVS-u u Mrkonji\u0107 Gradu u Omladinskoj organizaciji Centar<\/p>\n\n\n\n<p>Preuzeto sa: <a href=\"https:\/\/vladars.rs\/sr-SP-Cyrl\/Vlada\/Ministarstva\/mpos\/media\/vijesti\/Pages\/%D0%98%D0%B7%D0%B0%D0%B1%D1%80%D0%B0%D0%BD%D0%BE-%D0%BD%D0%BE%D0%B2%D0%BE-%D1%80%D1%83%D0%BA%D0%BE%D0%B2%D0%BE%D0%B4%D1%81%D1%82%D0%B2%D0%BE-%D0%92%D0%BE%D0%BB%D0%BE%D0%BD%D1%82%D0%B5%D1%80%D1%81%D0%BA%D0%BE%D0%B3-%D1%81%D0%B5%D1%80%D0%B2%D0%B8%D1%81%D0%B0-%D0%A0%D0%B5%D0%BF%D1%83%D0%B1%D0%BB%D0%B8%D0%BA%D0%B5-%D0%A1%D1%80%D0%BF%D1%81%D0%BA%D0%B5.aspx\" data-type=\"link\" data-id=\"https:\/\/vladars.rs\/sr-SP-Cyrl\/Vlada\/Ministarstva\/mpos\/media\/vijesti\/Pages\/%D0%98%D0%B7%D0%B0%D0%B1%D1%80%D0%B0%D0%BD%D0%BE-%D0%BD%D0%BE%D0%B2%D0%BE-%D1%80%D1%83%D0%BA%D0%BE%D0%B2%D0%BE%D0%B4%D1%81%D1%82%D0%B2%D0%BE-%D0%92%D0%BE%D0%BB%D0%BE%D0%BD%D1%82%D0%B5%D1%80%D1%81%D0%BA%D0%BE%D0%B3-%D1%81%D0%B5%D1%80%D0%B2%D0%B8%D1%81%D0%B0-%D0%A0%D0%B5%D0%BF%D1%83%D0%B1%D0%BB%D0%B8%D0%BA%D0%B5-%D0%A1%D1%80%D0%BF%D1%81%D0%BA%D0%B5.aspx\" target=\"_blank\" rel=\"noreferrer noopener\">Ministarstvo porodice, omladine i sporta<\/a><\/p>\n","protected":false},"excerpt":{"rendered":"<p>\u200bPomo\u0107nica ministra za omladinu, Branka Male\u0161evi\u0107, prisustvovala je Skup\u0161tini Volonterskog servisa Republike Srpske na kojoj je izabrano novo rukovodstvo. Za<\/p>\n","protected":false},"author":1,"featured_media":35754,"comment_status":"closed","ping_status":"open","sticky":false,"template":"","format":"standard","meta":{"om_disable_all_campaigns":false,"_monsterinsights_skip_tracking":false,"_monsterinsights_sitenote_active":false,"_monsterinsights_sitenote_note":"","_monsterinsights_sitenote_category":0,"footnotes":""},"categories":[2],"tags":[130,2778,2273],"class_list":["post-35764","post","type-post","status-publish","format-standard","has-post-thumbnail","hentry","category-vijesti","tag-republika-srpska","tag-rukovodstvo","tag-volonterski-servis"],"jetpack_featured_media_url":"https:\/\/www.mladibl.com\/wp-content\/uploads\/2023\/11\/Izabrano-novo-rukovodstvo-Volonterskog-servisa-Republike-Srpske.jpg","amp_enabled":true,"_links":{"self":[{"href":"https:\/\/www.mladibl.com\/index.php?rest_route=\/wp\/v2\/posts\/35764","targetHints":{"allow":["GET"]}}],"collection":[{"href":"https:\/\/www.mladibl.com\/index.php?rest_route=\/wp\/v2\/posts"}],"about":[{"href":"https:\/\/www.mladibl.com\/index.php?rest_route=\/wp\/v2\/types\/post"}],"author":[{"embeddable":true,"href":"https:\/\/www.mladibl.com\/index.php?rest_route=\/wp\/v2\/users\/1"}],"replies":[{"embeddable":true,"href":"https:\/\/www.mladibl.com\/index.php?rest_route=%2Fwp%2Fv2%2Fcomments&post=35764"}],"version-history":[{"count":1,"href":"https:\/\/www.mladibl.com\/index.php?rest_route=\/wp\/v2\/posts\/35764\/revisions"}],"predecessor-version":[{"id":35765,"href":"https:\/\/www.mladibl.com\/index.php?rest_route=\/wp\/v2\/posts\/35764\/revisions\/35765"}],"wp:featuredmedia":[{"embeddable":true,"href":"https:\/\/www.mladibl.com\/index.php?rest_route=\/wp\/v2\/media\/35754"}],"wp:attachment":[{"href":"https:\/\/www.mladibl.com\/index.php?rest_route=%2Fwp%2Fv2%2Fmedia&parent=35764"}],"wp:term":[{"taxonomy":"category","embeddable":true,"href":"https:\/\/www.mladibl.com\/index.php?rest_route=%2Fwp%2Fv2%2Fcategories&post=35764"},{"taxonomy":"post_tag","embeddable":true,"href":"https:\/\/www.mladibl.com\/index.php?rest_route=%2Fwp%2Fv2%2Ftags&post=35764"}],"curies":[{"name":"wp","href":"https:\/\/api.w.org\/{rel}","templated":true}]}}