{"id":3564,"date":"2020-10-22T11:00:39","date_gmt":"2020-10-22T09:00:39","guid":{"rendered":"http:\/\/www.mladibl.com\/?p=3564"},"modified":"2020-10-22T11:00:40","modified_gmt":"2020-10-22T09:00:40","slug":"konkurs-za-ovogodisnju-skolu-politicke-filozofije-zoran-dindic","status":"publish","type":"post","link":"https:\/\/www.mladibl.com\/?p=3564","title":{"rendered":"Konkurs za ovogodi\u0161nju \u0161kolu politi\u010dke filozofije Zoran \u0110in\u0111i\u0107"},"content":{"rendered":"\n<p>Fondacija dr Zoran \u0110in\u0111i\u0107 u saradnji sa Fakultetom politi\u010dkih nauka organizuje VIII Regionalnu \u0161kolu politi\u010dke filozofije dr Zoran \u0110in\u0111i\u0107. \u0160kola \u0107e se ove godine baviti temom \u201ePeti oktobar \u2013 dvadeset godina tranzicije\u201d i odr\u017eava\u0107e se u Beogradu od srede 18.novembra do petka 20.novembra 2020.godine.<\/p>\n\n\n\n<p>Pravo u\u010de\u0161\u0107a u Regionalnoj \u0160koli politi\u010dke filozofije dr Zoran \u0110in\u0111i\u0107 imaju studenti osnovnih (druga, tre\u0107a i \u010detvrta godina studija) i master studija iz Srbije, Hrvatske, Bosne i Hercegovine i Crne Gore. Radni jezik \u0161kole je BHS.<\/p>\n\n\n\n<p>Zbog epidemije kovida-19 odr\u017eati, \u0161kola \u0107e se odr\u017eati u skra\u0107enoj formi i u skladu sa preporukama Kriznog \u0161taba Republike Srbije za suzbijanje epidemije.<\/p>\n\n\n\n<p>Tro\u0161kovi prevoza i sme\u0161taja za u\u010desnike koji nisu iz Beograda bi\u0107e pokriveni.<\/p>\n\n\n\n<p>Prijava za u\u010de\u0161\u0107e obuhvata:<\/p>\n\n\n\n<ul class=\"wp-block-list\"><li>CV<\/li><li>motivaciono pismo od minimum jedne A4 strane;<\/li><\/ul>\n\n\n\n<p>Dokumentaciju je neophodno poslati do petka 30. oktobra 2020. <\/p>\n\n\n\n<p>Vi\u0161e informacija o na\u010dinu prijave, prednostima prilikom prijavljivanja i druge informacije mo\u017eete vidjeti u prilogu.<\/p>\n\n\n\n<ul class=\"wp-block-list\"><li><strong><a rel=\"noreferrer noopener\" aria-label=\"Konkurs regionalne \u0161kole (opens in a new tab)\" href=\"http:\/\/fpn.unsa.ba\/b\/wp-content\/uploads\/2020\/10\/Konkurs-regionalne-skole.docx\" target=\"_blank\">Konkurs regionalne \u0161kole<\/a><\/strong><\/li><li><strong><a rel=\"noreferrer noopener\" aria-label=\"Skola (opens in a new tab)\" href=\"http:\/\/fpn.unsa.ba\/b\/wp-content\/uploads\/2020\/10\/Skola-dragged.pdf\" target=\"_blank\">Skola<\/a><\/strong><\/li><\/ul>\n\n\n\n<p>Preuzeto sa: <a href=\"https:\/\/www.hocu.ba\/indexphp\/hocupriliku\/konkurs-za-ovogodisnju-skolu-politicke-filozofije-zoran-djindjic\/\" target=\"_blank\" rel=\"noreferrer noopener\" aria-label=\"hocu.ba (opens in a new tab)\">hocu.ba<\/a><\/p>\n","protected":false},"excerpt":{"rendered":"<p>Fondacija dr Zoran \u0110in\u0111i\u0107 u saradnji sa Fakultetom politi\u010dkih nauka organizuje VIII Regionalnu \u0161kolu politi\u010dke filozofije dr Zoran \u0110in\u0111i\u0107. \u0160kola<\/p>\n","protected":false},"author":1,"featured_media":3565,"comment_status":"closed","ping_status":"open","sticky":false,"template":"","format":"standard","meta":{"om_disable_all_campaigns":false,"_monsterinsights_skip_tracking":false,"_monsterinsights_sitenote_active":false,"_monsterinsights_sitenote_note":"","_monsterinsights_sitenote_category":0,"footnotes":""},"categories":[6],"tags":[306,1672,1673],"class_list":["post-3564","post","type-post","status-publish","format-standard","has-post-thumbnail","hentry","category-dogadjaji","tag-konkurs","tag-skola-politicke-filozofije","tag-zoran-diindic"],"jetpack_featured_media_url":"https:\/\/www.mladibl.com\/wp-content\/uploads\/2020\/10\/Konkurs-za-ovogodi\u0161nju-\u0161kolu-politi\u010dke-filozofije-Zoran-\u0110in\u0111i\u0107.png","amp_enabled":true,"_links":{"self":[{"href":"https:\/\/www.mladibl.com\/index.php?rest_route=\/wp\/v2\/posts\/3564","targetHints":{"allow":["GET"]}}],"collection":[{"href":"https:\/\/www.mladibl.com\/index.php?rest_route=\/wp\/v2\/posts"}],"about":[{"href":"https:\/\/www.mladibl.com\/index.php?rest_route=\/wp\/v2\/types\/post"}],"author":[{"embeddable":true,"href":"https:\/\/www.mladibl.com\/index.php?rest_route=\/wp\/v2\/users\/1"}],"replies":[{"embeddable":true,"href":"https:\/\/www.mladibl.com\/index.php?rest_route=%2Fwp%2Fv2%2Fcomments&post=3564"}],"version-history":[{"count":1,"href":"https:\/\/www.mladibl.com\/index.php?rest_route=\/wp\/v2\/posts\/3564\/revisions"}],"predecessor-version":[{"id":3566,"href":"https:\/\/www.mladibl.com\/index.php?rest_route=\/wp\/v2\/posts\/3564\/revisions\/3566"}],"wp:featuredmedia":[{"embeddable":true,"href":"https:\/\/www.mladibl.com\/index.php?rest_route=\/wp\/v2\/media\/3565"}],"wp:attachment":[{"href":"https:\/\/www.mladibl.com\/index.php?rest_route=%2Fwp%2Fv2%2Fmedia&parent=3564"}],"wp:term":[{"taxonomy":"category","embeddable":true,"href":"https:\/\/www.mladibl.com\/index.php?rest_route=%2Fwp%2Fv2%2Fcategories&post=3564"},{"taxonomy":"post_tag","embeddable":true,"href":"https:\/\/www.mladibl.com\/index.php?rest_route=%2Fwp%2Fv2%2Ftags&post=3564"}],"curies":[{"name":"wp","href":"https:\/\/api.w.org\/{rel}","templated":true}]}}