{"id":3546,"date":"2020-10-22T10:34:12","date_gmt":"2020-10-22T08:34:12","guid":{"rendered":"http:\/\/www.mladibl.com\/?p=3546"},"modified":"2020-10-22T10:34:15","modified_gmt":"2020-10-22T08:34:15","slug":"gradski-stab-preporucena-obustava-svih-javnih-okupljanja","status":"publish","type":"post","link":"https:\/\/www.mladibl.com\/?p=3546","title":{"rendered":"Gradski \u0161tab: Preporu\u010dena obustava svih javnih okupljanja"},"content":{"rendered":"\n<p>Gradski \u0161tab za vanredne situacije preporu\u010dio je ju\u010de da se obustave sva javna okupljanja, po\u0161to je na podru\u010dju Banje Luke trenutno vi\u0161e od 1.000 zara\u017eenih korona virusom, bez znakova sti\u0161avanja epidemilio\u0161ke situacije.<\/p>\n\n\n\n<p>Preporu\u010dujemo obustavu svih organizovanih javnih okupljanja. Nismo se odlu\u010dili za zabranu, iako je situacija zrela za to. Zbog zdravlja gra\u0111ana, smatramo da je neodgovorno odr\u017eavanje ve\u0107ih organizovanih okupljanja. Nismo se odlu\u010dili za zabranu, jer bi ona bila politi\u010dki tuma\u010dena, odnosno da poku\u0161avamo uticati na izbornu kampanju koja je u toku. Politi\u010dki subjekti bi trebalo da poka\u017eu odgovornost, jer su ljudski \u017eivoti i zdravlje su va\u017eniji od glasova u kampanji \u2013 rekao je Radoji\u010di\u0107.<\/p>\n\n\n\n<p>Nakon dana\u0161nje sjednice \u0160taba, gradona\u010delnik Igor Radoji\u010di\u0107 upozorio je da je do\u0161lo do izrazitog pogor\u0161anja epidemiolo\u0161ke situacije, a \u0161to izaziva veliki pritisak na zdravstveni sistem.<\/p>\n\n\n\n<p>Zbog pogor\u0161nja epidemiolo\u0161ke situacije, preporu\u010duje se obustava svih javnih okupljanja. Starijim licima, zbog za\u0161tite njihovog zdravlja, preporu\u010deno je manje kretanja na javnim mjestima, te obavljanje sam neophodnih poslova. Podsje\u0107am, uz obavezno kori\u0161tenje za\u0161titnih maski u svim zatvorenim prostorijama, od danas je stupila na snagu i odluka Republi\u010dkog \u0161taba o obaveznom no\u0161enju maske na otvorenom prostoru \u2013 rekao je Radoji\u010di\u0107, uz napomenu da je svaki slu\u017ebenik ili davalac usluge du\u017ean odbiti da pru\u017ei uslugu licima koja ne nose za\u0161titne maske, a slu\u017ebe obezbje\u0111enja \u0107e upozoriti takvo lice, a u slu\u010daju daljeg nepridr\u017eavanja mjera, kontrolni organi su du\u017eni izre\u0107i kaznu.<\/p>\n\n\n\n<p>Grad \u0107e organizovati masovnu dezinfekciju javnih prostora, gradskih ustanova i preduze\u0107a, dje\u010diih igrali\u0161ta, uklju\u010duju\u0107i i zajednice eta\u017enih vlasnika, dok su  vlasnici svih ostalih prostora u kojima se gra\u0111ani okupljaju, du\u017eni da organizuju dezinfekciju tih prostora.<\/p>\n\n\n\n<p>Grad \u0107e u narednih sedam dana organizovati dezinfekciju u objektu Gradske uprave, pred\u0161kolskim ustranovama, na prorstorima dje\u010dijih igrali\u0161ta i sportskih terena, u domovima za stare i djecu, dnevnim centrima, na javnim saobra\u0107ajnicama i u zajednicama eta\u017enih vlasnika. Svi ostali, kada je rije\u010d o privrednim subjektima u trgovini, ugostiteljstvu, zanatstvu i fitnes centrima nala\u017ee se da u sopstvenoj organizaciji ili anga\u017eovanjem stru\u010dnih lica do ponedjeljka 26. oktobra izvr\u0161e opse\u017eni dezinfekciju svojih prostora \u2013 naveo je Radoji\u010di\u0107.<\/p>\n\n\n\n<p>Sve javne ustanove, preduze\u0107a i ostali subjekti du\u017eni su da ograni\u010de broj lica koja borave u prostorijama u skladu sa preporukama Instituta za javno zdravlje RS i da unutar prostora omogu\u0107i odr\u017eavanje fizi\u010dke distance, a Gradski \u0161tab za vanredne sizuacije nalo\u017eio je stro\u017eiju kontrola posjeta domovima za starije sugra\u0111ane, ali posjete nisu zabranjene zbog socijalnog momenta podr\u0161ke ovim licima.<\/p>\n\n\n\n<p>\u0160tab je konstatovao da u \u0161kolama i vrti\u0107ima nije ustanovljeno preno\u0161enje virusa unutar objekata i ocijenjeno je va\u017enim da se nastavni proces nastavi i da se u vrti\u0107ima odr\u017ei postoje\u0107i sistem rada.<\/p>\n\n\n\n<p>Govore\u0107i o obilje\u017eavanju predstoje\u0107ih slava, gradona\u010delnik Radoji\u010di\u0107 je pozvao sve gra\u0111ane da ih provedu u uskom porodi\u010dnom krugu bez ve\u0107ih okupljanja, jer \u0107emo na taj na\u010din najbolje za\u0161titi zdravlje dragih ljudi.<\/p>\n\n\n\n<p>Radoji\u010di\u0107 je dodao da su osnovni ciljevi svih mjera koje propisuju republi\u010dke i gradske institucije za\u0161tita \u017eivota stanovni\u0161tva, odnosno \u0161to manji broj smrtnih ishoda, a istovremeno i o\u010duvanje privredne aktivnosti i radnih mjesta. Grad Banja Luka \u0107e obezbijediti dodatnih 150.000 KM za potrebe Doma zdravlja sa ciljem podr\u0161ke ovoj zdravstvenoj ustanovi.<\/p>\n\n\n\n<p>Kontrolnim organima se strikno nala\u017ee kontrola po\u0161tovanja odluke o radnom vremenu ugostiteljskih objekata, a u objektu u kojem bude evidentiran prekr\u0161aj, bi\u0107e pod svakodnevnom kontrolom. Kada je u pitanju javni prevoz, ostaje dosada\u0161nji re\u017eim odvijanja gradskog prevoza.<\/p>\n\n\n\n<p>Preporu\u010duje se svim pravnim licima da organizuju rad za zasoslene u smjenama, da podstaknu rad od ku\u0107e, posebno za rizi\u010dne grupe kao \u0161to su trudnice, lica sa hroni\u010dnim oboljenjima i lica sa naru\u0161enim imunitetom. Gradska uprava \u0107e ve\u0107 od danas organizovati rad sa manje lica u samom objektu te od ku\u0107e, sa rasporedom ljudstva u vi\u0161e manjih grupa. Procijenjeno je da nema potrebe za promjenom re\u017eima rada ustanova kulture i sporta, koji ve\u0107 rade po odre\u0111enim preporukama.<\/p>\n\n\n\n<p>Direktorica Doma zdravlja Banja Luka, Nevena Todorovi\u0107, kazala je da je situacija u gradu veoma ozbiljna, ilustruju\u0107i to podacima da trenutno imamo 1.001 zara\u017eeno lice, a da se u izolaciji nalazi 1.619 osoba.<\/p>\n\n\n\n<p>Ustanovili smo da oko 6,5 odsto pacijenata razvije te\u0161ku klini\u010dku sliku i nalazi se na bolni\u010dkom lije\u010denju. Ovi podaci su izuzetno zabrinjavaju\u0107i i ovo \u0161to imamo danas su najve\u0107e brojke od po\u010detka epidemije. Zdravstveni radnici su veoma optere\u0107eni, sve ljudske potencijale koje imamo smo stavili u slu\u017ebu za\u0161tite zdravlja i molim gra\u0111ane da se pridr\u017eavaju mjera, kako ne bismo do\u0161li u jo\u0161 goru i te\u017eu situaciju. Najbolja potvrda te\u017eine situacije jeste da se, u zadnjih nekoliko dana, broj pozitivnih u gradu kre\u0107e oko 100 dnevno, \u0161to je ogroman broj \u2013 izjavila je Todorovi\u0107eva.<\/p>\n\n\n\n<p>Kada su u pitanju godine zara\u017eenih, statistika ka\u017ee da je najve\u0107i broj zara\u017eenih iz radno sposobne populacije od 20 do 60 godina, a najmanje zara\u017eeni su stariji i djeca do devet godina.<\/p>\n\n\n\n<p>Od ju\u010de, svi pozitivni na korona virus \u0107e zdravstvenu uslugu dobiti u kovid ambulanti u Docu, a Grad Banja Luka \u0107e dodijeliti jo\u0161 jedan prostor za ambulantu koja bi bila namijenjena licima koja imaju akutne respiratorne infekcije i kod kojih se sumnja na zarazu korona virusom.<\/p>\n\n\n\n<p>Od danas je Odjeljenje za isnpekcijske poslove zadu\u017eeno da svi inspektori imaju ovla\u0161tenje za izdavanje rje\u0161enja svim osobama za koje im budu dostavljeni podaci iz Doma zdravlja.<\/p>\n\n\n\n<p>U toku narednih dana bi\u0107e obavljeni razgovori sa Gradskom izbornom komisijom, Dom zdravlja i Institutom za javno zdravstvo, kako bi se poku\u0161ali organizovati na koji na\u010din sprovesti izborni proces, jer je veliki broj ljudi obolio ili se nalazi u izolaciji. Civilna za\u0161tita je obavezana da nabavi dodatnu za\u0161titnu opremu koja \u0107e biti potrebna za odr\u017eavanje izbora.<\/p>\n\n\n\n<p>Preuzeto sa: <a href=\"http:\/\/www.banjaluka.rs.ba\/%d0%b3%d1%80%d0%b0%d0%b4%d1%81%d0%ba%d0%b8-%d1%88%d1%82%d0%b0%d0%b1-%d0%bf%d1%80%d0%b5%d0%bf%d0%be%d1%80%d1%83%d1%87%d0%b5%d0%bd%d0%b0-%d0%be%d0%b1%d1%83%d1%81%d1%82%d0%b0%d0%b2%d0%b0-%d1%81%d0%b2\/\" target=\"_blank\" rel=\"noreferrer noopener\" aria-label=\"Grad Banja Luka (opens in a new tab)\">Grad Banja Luka<\/a><\/p>\n","protected":false},"excerpt":{"rendered":"<p>Gradski \u0161tab za vanredne situacije preporu\u010dio je ju\u010de da se obustave sva javna okupljanja, po\u0161to je na podru\u010dju Banje Luke<\/p>\n","protected":false},"author":1,"featured_media":3547,"comment_status":"closed","ping_status":"open","sticky":false,"template":"","format":"standard","meta":{"om_disable_all_campaigns":false,"_monsterinsights_skip_tracking":false,"_monsterinsights_sitenote_active":false,"_monsterinsights_sitenote_note":"","_monsterinsights_sitenote_category":0,"footnotes":""},"categories":[2],"tags":[430,334,1662,1661],"class_list":["post-3546","post","type-post","status-publish","format-standard","has-post-thumbnail","hentry","category-vijesti","tag-gradski-stab","tag-javna-okupljanja","tag-obustava","tag-preporuka"],"jetpack_featured_media_url":"https:\/\/www.mladibl.com\/wp-content\/uploads\/2020\/10\/Gradski-\u0161tab-Preporu\u010dena-obustava-svih-javnih-okupljanja-1.jpg","amp_enabled":true,"_links":{"self":[{"href":"https:\/\/www.mladibl.com\/index.php?rest_route=\/wp\/v2\/posts\/3546","targetHints":{"allow":["GET"]}}],"collection":[{"href":"https:\/\/www.mladibl.com\/index.php?rest_route=\/wp\/v2\/posts"}],"about":[{"href":"https:\/\/www.mladibl.com\/index.php?rest_route=\/wp\/v2\/types\/post"}],"author":[{"embeddable":true,"href":"https:\/\/www.mladibl.com\/index.php?rest_route=\/wp\/v2\/users\/1"}],"replies":[{"embeddable":true,"href":"https:\/\/www.mladibl.com\/index.php?rest_route=%2Fwp%2Fv2%2Fcomments&post=3546"}],"version-history":[{"count":1,"href":"https:\/\/www.mladibl.com\/index.php?rest_route=\/wp\/v2\/posts\/3546\/revisions"}],"predecessor-version":[{"id":3548,"href":"https:\/\/www.mladibl.com\/index.php?rest_route=\/wp\/v2\/posts\/3546\/revisions\/3548"}],"wp:featuredmedia":[{"embeddable":true,"href":"https:\/\/www.mladibl.com\/index.php?rest_route=\/wp\/v2\/media\/3547"}],"wp:attachment":[{"href":"https:\/\/www.mladibl.com\/index.php?rest_route=%2Fwp%2Fv2%2Fmedia&parent=3546"}],"wp:term":[{"taxonomy":"category","embeddable":true,"href":"https:\/\/www.mladibl.com\/index.php?rest_route=%2Fwp%2Fv2%2Fcategories&post=3546"},{"taxonomy":"post_tag","embeddable":true,"href":"https:\/\/www.mladibl.com\/index.php?rest_route=%2Fwp%2Fv2%2Ftags&post=3546"}],"curies":[{"name":"wp","href":"https:\/\/api.w.org\/{rel}","templated":true}]}}