{"id":35368,"date":"2023-11-06T12:06:13","date_gmt":"2023-11-06T10:06:13","guid":{"rendered":"https:\/\/www.mladibl.com\/?p=35368"},"modified":"2023-11-06T12:19:59","modified_gmt":"2023-11-06T10:19:59","slug":"prilika-za-mlade-za-besplatnu-edukaciju-iz-oblasti-oglasavanja-i-digitalnog-marketinga","status":"publish","type":"post","link":"https:\/\/www.mladibl.com\/?p=35368","title":{"rendered":"Prilika za mlade za besplatnu edukaciju iz oblasti ogla\u0161avanja i digitalnog marketinga!"},"content":{"rendered":"\n<p>Obuka je namijenjena mladima koji \u017eele da promjene svoju karijeru, pro\u0161ire ve\u0107 postoje\u0107e znanje ili nau\u010de ne\u0161to potpuno novo.<\/p>\n\n\n\n<p>Regionalni program lokalne demokratije na Zapadnom Balkanu kojeg finansira Evropska unija (EU), a implementira Razvojni program Ujedinjenih nacija (UNDP) poziva mlade osobe na besplatni program neformalnog obrazovanja iz oblasti \u201eOgla\u0161avanje, Marketing i Mediji\u201c.&nbsp;<\/p>\n\n\n\n<p><strong>PRAVO U\u010cE\u0160\u0106A<\/strong><\/p>\n\n\n\n<p>U\u010de\u0161\u0107e u obukama mogu ostvariti mlade osobe uzrasta od 18 do 35 godina, a koji imaju sljede\u0107i status:&nbsp;<\/p>\n\n\n\n<p>\u00b7 &nbsp; &nbsp; &nbsp; &nbsp; Nezaposlene mlade osobe (dokaz: potvrda sa evidencija Zavoda \/ Uvjerenje porezne uprave o doprinosima&nbsp;<\/p>\n\n\n\n<p>\u00b7 &nbsp; &nbsp; &nbsp; &nbsp; Studenti\/ce zavr\u0161nih godina prvog i drugog ciklusa studija &nbsp;(dokaz: potvrda o studiranju)&nbsp;<\/p>\n\n\n\n<p>\u00b7 &nbsp; &nbsp; &nbsp; &nbsp; Zaposlene mlade osobe (uz uslov za redovno prisustvo na obukama\/&nbsp;<\/p>\n\n\n\n<p>\u00b7 &nbsp; &nbsp; &nbsp; &nbsp; Prebivali\u0161te na podru\u010dju jedne od 13 partnerskih gradova\/op\u0107ina\/op\u0161tina ReLOaD2 projekta: Biha\u0107, Centar Sarajevo, Gacko, Gora\u017ede, Grad Isto\u010dno Sarajevo, Gradi\u0161ka, Mostar, Novo Sarajevo, Prijedor, Prozor-Rama, Rudo, Ugljevik i Vitez (potvrda o prebivali\u0161tu) &nbsp;<\/p>\n\n\n\n<p><strong>Obuke iz oblasti Ogla\u0161avanje, Marketing i Mediji<\/strong><\/p>\n\n\n\n<p>U\u010desnici\/ce obuke \u0107e putem napredne i dinami\u010dne obuke imati priliku da upoznaju svijet digitalnog marketinga i ogla\u0161avanja. Ovaj sveobuhvatni program osmi\u0161ljen je kako bi opremio mlade ljude modernim marketin\u0161kim vje\u0161tinama. Kroz obuku u\u010desnici\/ce \u0107e ste\u0107i znanja o kreiranju marketin\u0161kih strategija, digitalnom marketingu, dru\u0161tvenim mre\u017eama, SWOT analizi, promociji i sl. &nbsp;<\/p>\n\n\n\n<p><strong>Dodatne informacije<\/strong><\/p>\n\n\n\n<p>Trajanje obuke: \u0161est mjeseci (27 novembar 2023. \u2013 26 maj 2024. godine)&nbsp;<\/p>\n\n\n\n<p>Format izvo\u0111enja obuke: online ili u u\u010dionici u Sarajevu&nbsp;<\/p>\n\n\n\n<p>Planirani broj u\u010desnika za online format izvo\u0111enja obuke: 25 mladih osoba&nbsp;<\/p>\n\n\n\n<p>Planirani broj u\u010desnika za izvo\u0111enje obuka u\u017eivo: 25 mladih osoba<\/p>\n\n\n\n<p><strong>VA\u017dNA NAPOMENA:<\/strong><\/p>\n\n\n\n<p>U slu\u010daju ve\u0107eg broja prijava od predvi\u0111enog broja u\u010desnika, ReLOaD2 projekat zadr\u017eava pravo da obavi dodatni intervju sa prijavljenim kandidatima.&nbsp;<\/p>\n\n\n\n<p>Prednost prilikom izbora u\u010desnika\/ca imaju nezaposlene mlade osobe koje se vode na evidenciji slu\u017ebi\/zavoda za zapo\u0161ljavanje a nakon toga studenti\/ce i zaposlene mlade osobe.&nbsp;<\/p>\n\n\n\n<p>Prednost u svakoj od kategorija \u0107e imati osobe sa invaliditetom.&nbsp;<\/p>\n\n\n\n<p><strong>NA\u010cIN PRIJAVE:<\/strong><\/p>\n\n\n\n<p>Polaznici\/ce se prijavljuju putem\u00a0<strong><a href=\"https:\/\/docs.google.com\/forms\/d\/e\/1FAIpQLSdSEgl0YSVCtv9CgVBX4g5lCM8XEup9udITxHo-7rdz8XK2oQ\/viewform\" target=\"_blank\" rel=\"noreferrer noopener\">ONLINE FORMATA<\/a><\/strong><\/p>\n\n\n\n<p>Pored obaveze popunjavanja linka, neophodno je prilo\u017eiti sljede\u0107e dokumente:<\/p>\n\n\n\n<p>&#8211; &nbsp; &nbsp; &nbsp; &nbsp; &nbsp;Potvrda o evidenciji koju izdaje Zavod \/ Slu\u017eba za nezaposlene (za nezaposlene osobe)<\/p>\n\n\n\n<p>&#8211; &nbsp; &nbsp; &nbsp; &nbsp; &nbsp;Potvrda o studiranju (za studente)<\/p>\n\n\n\n<p>&#8211; &nbsp; &nbsp; &nbsp; &nbsp; &nbsp;Potvrda o prebivali\u0161tu (CIPS) za sve koji se prijavljuju&nbsp;<\/p>\n\n\n\n<p>Ovaj poziv ostaje otvoren najkasnije do 10. novembra 2023. do 15.00 h.&nbsp;<\/p>\n\n\n\n<p>Nakon \u0161to se provede konkursna procedura (koja mo\u017ee uklju\u010divati intervju), primljeni kandidati\/kinje \u0107e dobiti obavje\u0161tenje putem emaila.&nbsp;<\/p>\n\n\n\n<p>Za sva dodatna pitanja po\u0161aljite email na\u00a0<a href=\"mailto:registry.ba@undp.org\">registry.ba@undp.org<\/a>\u00a0sa naznakom \u2013 Besplatne certificirane obuke ReLoaD2 projekat.<\/p>\n\n\n\n<figure class=\"wp-block-image size-full\"><img loading=\"lazy\" decoding=\"async\" width=\"800\" height=\"800\" src=\"http:\/\/www.mladibl.com\/wp-content\/uploads\/2023\/11\/Prilika-za-mlade-za-besplatnu-edukaciju-iz-oblasti-oglasavanja-i-digitalnog-marketinga.jpg\" alt=\"Prilika za mlade za besplatnu edukaciju iz oblasti ogla\u0161avanja i digitalnog marketinga!\" class=\"wp-image-35362\" srcset=\"https:\/\/www.mladibl.com\/wp-content\/uploads\/2023\/11\/Prilika-za-mlade-za-besplatnu-edukaciju-iz-oblasti-oglasavanja-i-digitalnog-marketinga.jpg 800w, https:\/\/www.mladibl.com\/wp-content\/uploads\/2023\/11\/Prilika-za-mlade-za-besplatnu-edukaciju-iz-oblasti-oglasavanja-i-digitalnog-marketinga-300x300.jpg 300w, https:\/\/www.mladibl.com\/wp-content\/uploads\/2023\/11\/Prilika-za-mlade-za-besplatnu-edukaciju-iz-oblasti-oglasavanja-i-digitalnog-marketinga-150x150.jpg 150w, https:\/\/www.mladibl.com\/wp-content\/uploads\/2023\/11\/Prilika-za-mlade-za-besplatnu-edukaciju-iz-oblasti-oglasavanja-i-digitalnog-marketinga-768x768.jpg 768w\" sizes=\"auto, (max-width: 800px) 100vw, 800px\" \/><\/figure>\n\n\n\n<p>Preuzeto sa: <a href=\"https:\/\/lonac.pro\/bs\/prilika-za-mlade-za-besplatnu-edukaciju-iz-oblasti-oglasavanja-i-digitalnog-marketinga-400140855\" data-type=\"link\" data-id=\"https:\/\/lonac.pro\/bs\/prilika-za-mlade-za-besplatnu-edukaciju-iz-oblasti-oglasavanja-i-digitalnog-marketinga-400140855\" target=\"_blank\" rel=\"noreferrer noopener\">lonac.pro<\/a><\/p>\n","protected":false},"excerpt":{"rendered":"<p>Obuka je namijenjena mladima koji \u017eele da promjene svoju karijeru, pro\u0161ire ve\u0107 postoje\u0107e znanje ili nau\u010de ne\u0161to potpuno novo. Regionalni<\/p>\n","protected":false},"author":1,"featured_media":35362,"comment_status":"closed","ping_status":"open","sticky":false,"template":"","format":"standard","meta":{"om_disable_all_campaigns":false,"_monsterinsights_skip_tracking":false,"_monsterinsights_sitenote_active":false,"_monsterinsights_sitenote_note":"","_monsterinsights_sitenote_category":0,"footnotes":""},"categories":[4,8692],"tags":[650,25,1798],"class_list":["post-35368","post","type-post","status-publish","format-standard","has-post-thumbnail","hentry","category-edukacija","category-izdvajamo","tag-digitalni-marketing","tag-edukacija","tag-oglasavanje"],"jetpack_featured_media_url":"https:\/\/www.mladibl.com\/wp-content\/uploads\/2023\/11\/Prilika-za-mlade-za-besplatnu-edukaciju-iz-oblasti-oglasavanja-i-digitalnog-marketinga.jpg","amp_enabled":true,"_links":{"self":[{"href":"https:\/\/www.mladibl.com\/index.php?rest_route=\/wp\/v2\/posts\/35368","targetHints":{"allow":["GET"]}}],"collection":[{"href":"https:\/\/www.mladibl.com\/index.php?rest_route=\/wp\/v2\/posts"}],"about":[{"href":"https:\/\/www.mladibl.com\/index.php?rest_route=\/wp\/v2\/types\/post"}],"author":[{"embeddable":true,"href":"https:\/\/www.mladibl.com\/index.php?rest_route=\/wp\/v2\/users\/1"}],"replies":[{"embeddable":true,"href":"https:\/\/www.mladibl.com\/index.php?rest_route=%2Fwp%2Fv2%2Fcomments&post=35368"}],"version-history":[{"count":1,"href":"https:\/\/www.mladibl.com\/index.php?rest_route=\/wp\/v2\/posts\/35368\/revisions"}],"predecessor-version":[{"id":35369,"href":"https:\/\/www.mladibl.com\/index.php?rest_route=\/wp\/v2\/posts\/35368\/revisions\/35369"}],"wp:featuredmedia":[{"embeddable":true,"href":"https:\/\/www.mladibl.com\/index.php?rest_route=\/wp\/v2\/media\/35362"}],"wp:attachment":[{"href":"https:\/\/www.mladibl.com\/index.php?rest_route=%2Fwp%2Fv2%2Fmedia&parent=35368"}],"wp:term":[{"taxonomy":"category","embeddable":true,"href":"https:\/\/www.mladibl.com\/index.php?rest_route=%2Fwp%2Fv2%2Fcategories&post=35368"},{"taxonomy":"post_tag","embeddable":true,"href":"https:\/\/www.mladibl.com\/index.php?rest_route=%2Fwp%2Fv2%2Ftags&post=35368"}],"curies":[{"name":"wp","href":"https:\/\/api.w.org\/{rel}","templated":true}]}}