{"id":35118,"date":"2023-10-27T00:43:16","date_gmt":"2023-10-26T22:43:16","guid":{"rendered":"https:\/\/www.mladibl.com\/?p=35118"},"modified":"2023-10-27T00:43:17","modified_gmt":"2023-10-26T22:43:17","slug":"danas-pocinje-popularni-gastro-festival-cevap-fest-donosi-brojne-sadrzaje","status":"publish","type":"post","link":"https:\/\/www.mladibl.com\/?p=35118","title":{"rendered":"Danas po\u010dinje popularni gastro festival: \u201e\u0106evap fest\u201c donosi brojne sadr\u017eaje"},"content":{"rendered":"\n<p>\u0160esti \u201e\u0106evap fest\u201c bi\u0107e otvoren u petak, 27. oktobra, sa po\u010detkom u 10 \u010dasova, u Parku \u201ePetar Ko\u010di\u0107\u201c.<\/p>\n\n\n\n<p>Prema najavama organizatora, novo izdanje popularnog gastro festivala bi\u0107e oboga\u0107eno brojnim novim sadr\u017eajima, ali i ve\u0107 prepoznatljivim, centralnim doga\u0111ajem \u2013 takmi\u010denjem u brzom, jedenju \u0107evapa.<\/p>\n\n\n\n<p>Neboj\u0161a Ku\u0161trinovi\u0107, promoter manifestacije isti\u010de da \u0107e festival biti otvoren sutra u 10 \u010dasova, a radno vrijeme je do 23 \u010dasa, s tim da je zatvaranje planirano za nedjelju, 29. oktobra, u kasnim ve\u010dernjim \u010dasovima.<\/p>\n\n\n\n<p>-Obe\u0107avamo sjajnu zabavu i, naravno, najbolje \u0107evape, za \u0161to \u0107e se pobrinuti na\u0161i vjerni izlaga\u010di. I ove godine, sa nama su najbolje gradske \u0107evabd\u017eije, koje se, zajedno sa nama, svojski trude da na\u0161 najja\u010di gastro brend bude prepoznat \u0161irom regiona. Duboko smo uvjereni da smo na dobrom putu da od autohtonog banjalu\u010dkog \u0107evapa stvorimo jo\u0161 sna\u017eniji brend, te se nadamo da \u0107e ovaj festival, pored doma\u0107ih, privu\u0107i i turiste iz regiona, ba\u0161 kao \u0161to je to bio slu\u010daj od samog za\u010detka \u201e\u0106evap festa\u201c. U uslovima kad turizam postaje jedna od najb\u017ee rastu\u0107ih privrednih grana, festivali, poput ovog, daju sna\u017ean doprinos turisti\u010dkom pozicioniranju Banje Luke u okvirima regiona \u2013 ka\u017ee Ku\u0161trinovi\u0107.<\/p>\n\n\n\n<p>Prema njegovim rije\u010dima, u subotu, sa po\u010detkom u 11.00 \u010dasova, o\u010dekuje nas takmi\u010denje u brzom jedenju \u0107evapa, svakako jedan od najtraktivnijih dijelova festivala. I ovaj put, pobjednik \u0107e ku\u0107i odnijeti vrijednu nagradu.<\/p>\n\n\n\n<p>Dosada\u0161nji rekord dr\u017ei Banjalu\u010danin Omiljan Kreti\u0107, koji je pro\u0161le godine veliku porciju banjalu\u010dkih \u0107evapa pojeo za navjerovatnih minut i 34 sekunde.<\/p>\n\n\n\n<p>-Omiljan je postavio, \u010dini se, te\u0161ko dosti\u017eni standard, ali nadamo da se da \u0107e u subotu pojaviti neko ko ima jo\u0161 sna\u017eniji apetit \u2013 navodi Ku\u0161trinovi\u0107.<\/p>\n\n\n\n<p>I ove godine, Grad Banja Luka podr\u017eao je odr\u017eavanje \u201e\u0106evap festa\u201c.<\/p>\n\n\n\n<p>Preuzeto sa: <a href=\"https:\/\/www.banjaluka.rs.ba\/sutra-pocinje-cevap-fest\/\" data-type=\"link\" data-id=\"https:\/\/www.banjaluka.rs.ba\/sutra-pocinje-cevap-fest\/\" target=\"_blank\" rel=\"noreferrer noopener\">Grad Banja Luka<\/a><\/p>\n","protected":false},"excerpt":{"rendered":"<p>\u0160esti \u201e\u0106evap fest\u201c bi\u0107e otvoren u petak, 27. oktobra, sa po\u010detkom u 10 \u010dasova, u Parku \u201ePetar Ko\u010di\u0107\u201c. Prema najavama<\/p>\n","protected":false},"author":1,"featured_media":35130,"comment_status":"closed","ping_status":"open","sticky":false,"template":"","format":"standard","meta":{"om_disable_all_campaigns":false,"_monsterinsights_skip_tracking":false,"_monsterinsights_sitenote_active":false,"_monsterinsights_sitenote_note":"","_monsterinsights_sitenote_category":0,"footnotes":""},"categories":[2],"tags":[9556,707,9557],"class_list":["post-35118","post","type-post","status-publish","format-standard","has-post-thumbnail","hentry","category-vijesti","tag-cevap-fest","tag-festival","tag-gastro"],"jetpack_featured_media_url":"https:\/\/www.mladibl.com\/wp-content\/uploads\/2023\/10\/pocinje-popularni-gastro-festival_-\u201eCevap-fest-donosi-brojne-sadrzaje.jpg","amp_enabled":true,"_links":{"self":[{"href":"https:\/\/www.mladibl.com\/index.php?rest_route=\/wp\/v2\/posts\/35118","targetHints":{"allow":["GET"]}}],"collection":[{"href":"https:\/\/www.mladibl.com\/index.php?rest_route=\/wp\/v2\/posts"}],"about":[{"href":"https:\/\/www.mladibl.com\/index.php?rest_route=\/wp\/v2\/types\/post"}],"author":[{"embeddable":true,"href":"https:\/\/www.mladibl.com\/index.php?rest_route=\/wp\/v2\/users\/1"}],"replies":[{"embeddable":true,"href":"https:\/\/www.mladibl.com\/index.php?rest_route=%2Fwp%2Fv2%2Fcomments&post=35118"}],"version-history":[{"count":1,"href":"https:\/\/www.mladibl.com\/index.php?rest_route=\/wp\/v2\/posts\/35118\/revisions"}],"predecessor-version":[{"id":35131,"href":"https:\/\/www.mladibl.com\/index.php?rest_route=\/wp\/v2\/posts\/35118\/revisions\/35131"}],"wp:featuredmedia":[{"embeddable":true,"href":"https:\/\/www.mladibl.com\/index.php?rest_route=\/wp\/v2\/media\/35130"}],"wp:attachment":[{"href":"https:\/\/www.mladibl.com\/index.php?rest_route=%2Fwp%2Fv2%2Fmedia&parent=35118"}],"wp:term":[{"taxonomy":"category","embeddable":true,"href":"https:\/\/www.mladibl.com\/index.php?rest_route=%2Fwp%2Fv2%2Fcategories&post=35118"},{"taxonomy":"post_tag","embeddable":true,"href":"https:\/\/www.mladibl.com\/index.php?rest_route=%2Fwp%2Fv2%2Ftags&post=35118"}],"curies":[{"name":"wp","href":"https:\/\/api.w.org\/{rel}","templated":true}]}}