{"id":34877,"date":"2023-10-18T08:27:47","date_gmt":"2023-10-18T06:27:47","guid":{"rendered":"https:\/\/www.mladibl.com\/?p=34877"},"modified":"2023-10-18T08:35:49","modified_gmt":"2023-10-18T06:35:49","slug":"imas-ideju-kako-na-inovativan-nacin-rijesiti-odredeni-problem-prijavi-se-na-yia2023","status":"publish","type":"post","link":"https:\/\/www.mladibl.com\/?p=34877","title":{"rendered":"Ima\u0161 ideju kako na inovativan na\u010din rije\u0161iti odre\u0111eni problem? \u2013 Prijavi se na YIA2023!"},"content":{"rendered":"\n<p>Jesi li mlada osoba koja razmi\u0161lja izvan okvira?<\/p>\n\n\n\n<p>Problemi s kojima se susre\u0107e\u0161 u zajednici te tjeraju da razmi\u0161lja\u0161 o dru\u0161tveno korisnim promjenama?<\/p>\n\n\n\n<p>Ima\u0161 ideju kako na inovativan na\u010din rije\u0161iti odre\u0111eni problem?<\/p>\n\n\n\n<p>Prijavi se i poka\u017ei da je ba\u0161 tvoja ideja vrijedna nagrade za dru\u0161tvenu inovaciju \u2013&nbsp;<strong>YOUTH INNOVATION AWARD 2023. #YIA2023&nbsp;<\/strong>je inicijativa koja promovi\u0161e inovativne ideje mladih i njihovu sposobnost da uti\u010du na dru\u0161tvene promjene, te prepoznaje i nagra\u0111uje mlade lidere koji imaju viziju za rje\u0161avanje problema u svojim zajednicama.<\/p>\n\n\n\n<p>Dru\u0161tvene promjene i inovacije su klju\u010dni elementi za unaprje\u0111enje kvaliteta \u017eivota mladih i svih gra\u0111ana u lokalnim zajednicama. Upravo zbog toga&nbsp;<strong>Ambasada Kraljevine Nizozemske u Bosni i Hercegovini i Institut za razvoj mladih KULT pozivaju mlade s inovativnim idejama da se prijave.<\/strong><\/p>\n\n\n\n<p><strong>#YIA2023<\/strong>&nbsp;ima za cilj da podr\u017ei 3 inovativne ideje koje donose promjene u jednoj ili vi\u0161e navedenih oblasti u dru\u0161tvu:<\/p>\n\n\n\n<ul class=\"wp-block-list\">\n<li>ljudska prava,<\/li>\n\n\n\n<li>za\u0161tita okoli\u0161a,<\/li>\n\n\n\n<li>vladavina zakona i<\/li>\n\n\n\n<li>mir, sigurnost i stabilnost.<\/li>\n<\/ul>\n\n\n\n<p>Za u\u010de\u0161\u0107e u&nbsp;<strong>#YIA2023<\/strong>&nbsp;potrebno je da ispuni\u0161 sljede\u0107e kriterije:<\/p>\n\n\n\n<ol class=\"wp-block-list\">\n<li>Da si osoba iz BiH, starosne dobi od 18 do 30 godina;<\/li>\n\n\n\n<li>Da ima\u0161 ideju koju \u0107e\u0161 predstaviti sa 250 rije\u010di i\/ili u videu koji ne traje du\u017ee od 3 minute;<\/li>\n\n\n\n<li>Da posjeduje\u0161 spremnost za rad na razvoju i unaprije\u0111enju svoje ideje sa timom mentora.<\/li>\n<\/ol>\n\n\n\n<p>Prijaviti se mo\u017ee\u0161 samostalno ili sa timom od maksimalno 3 osobe starosne dobi od 18 do 30 godina.<\/p>\n\n\n\n<p>Komisija \u0107e od svih pristiglih prijava odabrati 5 finalista kojima \u0107e se pru\u017eiti prilika da svoje ideje predstave stru\u010dnom \u017eiriju, osvoje vrijedne nov\u010dane nagrade, ali i da inovacije uz mentorstvo realiziraju.<\/p>\n\n\n\n<p>Komisiju i \u017eiri \u010dine stru\u010dne osobe iz oblasti navedenih u pozivu. Tri najbolje ideje o\u010dekuje nov\u010dana podr\u0161ka za provedbu, i to u sljede\u0107im iznosima:<\/p>\n\n\n\n<ol class=\"wp-block-list\">\n<li>mjesto \u2013 4.000,00 KM<\/li>\n\n\n\n<li>mjesto \u2013 2.500,00 KM<\/li>\n\n\n\n<li>mjesto \u2013 1.500,00 KM<\/li>\n<\/ol>\n\n\n\n<p>Prijavi ideju putem\u00a0<a href=\"https:\/\/s.mladi.org\/YIA2023\" target=\"_blank\" rel=\"noreferrer noopener\">https:\/\/s.mladi.org\/YIA2023<\/a>\u00a0i neka tvoja ideja kroz #YIA2023 postane na\u0161a budu\u0107nost.<\/p>\n\n\n\n<p><strong>Rok za prijave je nedjelja, 5. novembar 2023. godine do 23.59 sati.<\/strong><\/p>\n\n\n\n<p>Ako ti sve ovo zvu\u010di previ\u0161e dobro da bi bilo istinito i \u017eeli\u0161 \u010duti iskustva drugih mladih koji su u\u010destvovali u Youth Innovation Award-u, najbolje bi bilo da pogleda\u0161 pri\u010de o&nbsp;<a href=\"https:\/\/mladi.org\/mladi-inovator-damir-hanic-kao-primjer-i-motivacija-drugima-znate-li-sta-je-med-modul\/\">Damiru<\/a>&nbsp;i&nbsp;<a href=\"https:\/\/mladi.org\/inovacija-mladog-aldina-alica-znacajan-korak-za-poljoprivredu-u-zenici\/\">Aldinu<\/a>&nbsp;kojima je pro\u0161logodi\u0161nji #YIA2022 bio sjajna odsko\u010dna daska.<\/p>\n\n\n\n<p>Ako ti sve ovo zvu\u010di previ\u0161e dobro, ali ti nije u potpunosti jasno kako se odvija #YIA2023 i ima\u0161 nekih pitanja, slobodno do\u0111i na na\u0161u online info sesiju i saznaj sve \u0161to te zanima.\u00a0<strong>Online info sesija odr\u017eat \u0107e se u srijedu, 25.10.2023. godine u 17 sati<\/strong>, a registrovati se mo\u017ee\u0161 na\u00a0<a href=\"https:\/\/us06web.zoom.us\/meeting\/register\/tZItfuyurDgjHdC1TavCEoMGWxmWgQAJqx_0\" target=\"_blank\" rel=\"noreferrer noopener\">OVOM<\/a>\u00a0linku.<\/p>\n\n\n\n<p>Dodatne informacije o pozivu za u\u010de\u0161\u0107e na #YIA2023 mo\u017ee\u0161 dobiti putem emaila&nbsp;<a href=\"mailto:zorana.tovilovic-glavas@kultbih.org\">zorana.tovilovic-glavas@kultbih.org<\/a>&nbsp;ili broja telefona 033 778 765.<\/p>\n\n\n\n<p><strong>NAPOMENA: Izrazi koji su radi preglednosti dati u jednom gramati\u010dkom rodu u dokumentu bez diskriminacije se odnose jednako na osobe svih rodova.<\/strong><\/p>\n\n\n\n<p>Preuzeto sa: <a href=\"https:\/\/mladi.org\/imas-ideju-kako-na-inovativan-nacin-rijesiti-odredjeni-problem-prijavi-se-na-yia2023\/\" data-type=\"link\" data-id=\"https:\/\/mladi.org\/imas-ideju-kako-na-inovativan-nacin-rijesiti-odredjeni-problem-prijavi-se-na-yia2023\/\" target=\"_blank\" rel=\"noreferrer noopener\">mladi.org<\/a><a href=\"https:\/\/mladi.org\/treca-po-redu-sedmica-odrzivog-razvoja-u-bih-zelim-racunati-na-zdraviju-i-odrziviju-buducnost\/\"><\/a><\/p>\n","protected":false},"excerpt":{"rendered":"<p>Jesi li mlada osoba koja razmi\u0161lja izvan okvira? Problemi s kojima se susre\u0107e\u0161 u zajednici te tjeraju da razmi\u0161lja\u0161 o<\/p>\n","protected":false},"author":1,"featured_media":34862,"comment_status":"closed","ping_status":"open","sticky":false,"template":"","format":"standard","meta":{"om_disable_all_campaigns":false,"_monsterinsights_skip_tracking":false,"_monsterinsights_sitenote_active":false,"_monsterinsights_sitenote_note":"","_monsterinsights_sitenote_category":0,"footnotes":""},"categories":[8692,370],"tags":[129,33,3211,12077],"class_list":["post-34877","post","type-post","status-publish","format-standard","has-post-thumbnail","hentry","category-izdvajamo","category-ostalo","tag-inovacije","tag-mladi","tag-rjesenje","tag-youth-innovation-award"],"jetpack_featured_media_url":"https:\/\/www.mladibl.com\/wp-content\/uploads\/2023\/10\/Imas-ideju-kako-na-inovativan-nacin-rijesiti-odredeni-problem_-\u2013-Prijavi-se-na-YIA2023.jpg","amp_enabled":true,"_links":{"self":[{"href":"https:\/\/www.mladibl.com\/index.php?rest_route=\/wp\/v2\/posts\/34877","targetHints":{"allow":["GET"]}}],"collection":[{"href":"https:\/\/www.mladibl.com\/index.php?rest_route=\/wp\/v2\/posts"}],"about":[{"href":"https:\/\/www.mladibl.com\/index.php?rest_route=\/wp\/v2\/types\/post"}],"author":[{"embeddable":true,"href":"https:\/\/www.mladibl.com\/index.php?rest_route=\/wp\/v2\/users\/1"}],"replies":[{"embeddable":true,"href":"https:\/\/www.mladibl.com\/index.php?rest_route=%2Fwp%2Fv2%2Fcomments&post=34877"}],"version-history":[{"count":1,"href":"https:\/\/www.mladibl.com\/index.php?rest_route=\/wp\/v2\/posts\/34877\/revisions"}],"predecessor-version":[{"id":34878,"href":"https:\/\/www.mladibl.com\/index.php?rest_route=\/wp\/v2\/posts\/34877\/revisions\/34878"}],"wp:featuredmedia":[{"embeddable":true,"href":"https:\/\/www.mladibl.com\/index.php?rest_route=\/wp\/v2\/media\/34862"}],"wp:attachment":[{"href":"https:\/\/www.mladibl.com\/index.php?rest_route=%2Fwp%2Fv2%2Fmedia&parent=34877"}],"wp:term":[{"taxonomy":"category","embeddable":true,"href":"https:\/\/www.mladibl.com\/index.php?rest_route=%2Fwp%2Fv2%2Fcategories&post=34877"},{"taxonomy":"post_tag","embeddable":true,"href":"https:\/\/www.mladibl.com\/index.php?rest_route=%2Fwp%2Fv2%2Ftags&post=34877"}],"curies":[{"name":"wp","href":"https:\/\/api.w.org\/{rel}","templated":true}]}}