{"id":34875,"date":"2023-10-18T08:01:00","date_gmt":"2023-10-18T06:01:00","guid":{"rendered":"https:\/\/www.mladibl.com\/?p=34875"},"modified":"2023-10-18T08:35:56","modified_gmt":"2023-10-18T06:35:56","slug":"javni-poziv-za-ucesce-u-programu-obuka-forenzika-nasilnog-ekstremizma-u-digitalnom-okruzenju","status":"publish","type":"post","link":"https:\/\/www.mladibl.com\/?p=34875","title":{"rendered":"Javni poziv za u\u010de\u0161\u0107e u programu obuka &#8220;Forenzika nasilnog ekstremizma u digitalnom okru\u017eenju&#8221;"},"content":{"rendered":"\n<p>Udru\u017eenje Ja bih u EU (JaBiHEU) poziva mlade iz Bosne i Hercegovine da se prijave za u\u010de\u0161\u0107e u programu obuka, koji \u0107e se odr\u017eati u periodu izme\u0111u oktobra i aprila 2023. godine u okviru projekta &#8220;Forenzika nasilnog ekstremizma u digitalnom okru\u017eenju&#8221;.<\/p>\n\n\n\n<p>Tra\u017eimo 50 mladih ljudi iz cijele BiH koji \u017eele da nau\u010de ne\u0161to vi\u0161e o problemu radikalnog ekstremizma, o tome kako se on manifestuje u cyber prostoru uklju\u010duju\u0107i digitalne medije, te koji \u017eele nau\u010diti kako raditi forenziku digitalnih medija, prepoznati ove sadr\u017eaje i njihove izvore.<\/p>\n\n\n\n<p>Projekat &#8220;Forenzika nasilnog ekstremizma u digitalnom okru\u017eenju&#8221; nastoji dati odgovor na alarmantne trendove nasilnog ekstremizma koji se pojavljuju u cyber prostoru i na digitalnim medijima u Bosni i Hercegovini. Ovi trendovi dolaze iz razli\u010ditih izvora i manifestiraju se u raznim formama, uklju\u010duju\u0107i jezik mr\u017enje, pa\u017eljivo oblikovane dezinformacije, pozivanje na konflikt, la\u017ene vijesti, te poruke vjerskih i politi\u010dkih lidera koe odra\u017eavaju netoleranciju i netrepeljivost.<\/p>\n\n\n\n<p>Cilj programa obuka za mlade je razvoj znanja i vje\u0161tina ali i povezivanje mladih aktivista i aktivistkinja sve s ciljem njihovog osna\u017eivanja koje \u0107e im omogu\u0107iti da preuzmu zna\u010dajnije uloge u procesu istra\u017eivanja, identifikovanja, razotkrivanja i suprotstavljanja slu\u010dajevima nasilnog ekstremizma u digitalnoj sferi.<\/p>\n\n\n\n<p>Cjelokupni Program obuhvata u\u010de\u0161\u0107e na dvije online obuke i jednoj obuci u\u017eivo na lokacijama:<\/p>\n\n\n\n<ul class=\"wp-block-list\">\n<li>Mostar, 8. novembar 2023<\/li>\n\n\n\n<li>Sarajevo, 17. januar 2024.<\/li>\n\n\n\n<li>Banja Luka, 6. mart 2024.<\/li>\n\n\n\n<li>Tuzla, 20. mart 2024.<\/li>\n<\/ul>\n\n\n\n<p>Od polaznika \u0107e se o\u010dekivati aktivno u\u010de\u0161\u0107e od po\u010detka do kraja programa. Pravo u\u010de\u0161\u0107a imaju mladi od 18 do 25 godina, iz Bosne i Hercegovine svih geografskih podru\u010dja, zaposleni i nezaposleni, studenti i u\u010denici.<\/p>\n\n\n\n<p>Prijava se vr\u0161i slanjem maila na <strong><a href=\"mailto:lejla@jabiheu.ba\" target=\"_blank\" rel=\"noreferrer noopener\">lejla@jabiheu.ba<\/a><\/strong><\/p>\n\n\n\n<p>Aplikacija treba da sadr\u017ei ime, prezime, godine, grad\/mjesto, broj telefona, mail adresu i kratko motivaciono pismo za u\u010de\u0161\u0107e u projektu.<\/p>\n\n\n\n<p>Rok za prijavu isti\u010de 26. oktobra 2023. godine u pono\u0107.<\/p>\n\n\n\n<p>Tro\u0161kove putovanja, smje\u0161taja i ishrane snose organizatori.<\/p>\n\n\n\n<p>Selekcija kandidata bi\u0107e zavr\u0161ena do 30. oktobra 2023., izborom onih koji poka\u017eu najve\u0107e interesovanje i motivaciju, i obave\u017eu se na aktivno u\u010de\u0161\u0107e. O kona\u010dnim rezultatima bi\u0107e obavje\u0161teni samo oni koji budu izabrani za u\u010de\u0161\u0107e u programu. .<\/p>\n\n\n\n<p>Projekat podr\u017eava SMART Balkan \u2013 Civilno dru\u0161tvo za povezan Zapadni Balkan kojeg implementira Centar za promociju civilnog dru\u0161tva (CPCD), Center for Research and Policy Making (CRPM) i Institute for Democracy and Mediation (IDM), a finansijski podr\u017eava Ministarstvo vanjskih poslova Kraljevine Norve\u0161ke.<\/p>\n\n\n\n<p>Preuzeto sa: <a href=\"https:\/\/www.jabiheu.ba\/bs\/javni-poziv-za-ucesce-u-programu-obuka-forenzika-nasilnog-ekstremizma-u-digitalnom-okruzenju\" data-type=\"link\" data-id=\"https:\/\/www.jabiheu.ba\/bs\/javni-poziv-za-ucesce-u-programu-obuka-forenzika-nasilnog-ekstremizma-u-digitalnom-okruzenju\" target=\"_blank\" rel=\"noreferrer noopener\">jabiheu.com<\/a><\/p>\n","protected":false},"excerpt":{"rendered":"<p>Udru\u017eenje Ja bih u EU (JaBiHEU) poziva mlade iz Bosne i Hercegovine da se prijave za u\u010de\u0161\u0107e u programu obuka,<\/p>\n","protected":false},"author":1,"featured_media":34863,"comment_status":"closed","ping_status":"open","sticky":false,"template":"","format":"standard","meta":{"om_disable_all_campaigns":false,"_monsterinsights_skip_tracking":false,"_monsterinsights_sitenote_active":false,"_monsterinsights_sitenote_note":"","_monsterinsights_sitenote_category":0,"footnotes":""},"categories":[4,8692],"tags":[4728,12075,12076,325],"class_list":["post-34875","post","type-post","status-publish","format-standard","has-post-thumbnail","hentry","category-edukacija","category-izdvajamo","tag-digitalno-okruzenje","tag-forenzika","tag-nasilni-ekstremizam","tag-obuka"],"jetpack_featured_media_url":"https:\/\/www.mladibl.com\/wp-content\/uploads\/2023\/10\/Javni-poziv-za-ucesce-u-programu-obuka-_Forenzika-nasilnog-ekstremizma-u-digitalnom-okruzenju_.jpg","amp_enabled":true,"_links":{"self":[{"href":"https:\/\/www.mladibl.com\/index.php?rest_route=\/wp\/v2\/posts\/34875","targetHints":{"allow":["GET"]}}],"collection":[{"href":"https:\/\/www.mladibl.com\/index.php?rest_route=\/wp\/v2\/posts"}],"about":[{"href":"https:\/\/www.mladibl.com\/index.php?rest_route=\/wp\/v2\/types\/post"}],"author":[{"embeddable":true,"href":"https:\/\/www.mladibl.com\/index.php?rest_route=\/wp\/v2\/users\/1"}],"replies":[{"embeddable":true,"href":"https:\/\/www.mladibl.com\/index.php?rest_route=%2Fwp%2Fv2%2Fcomments&post=34875"}],"version-history":[{"count":1,"href":"https:\/\/www.mladibl.com\/index.php?rest_route=\/wp\/v2\/posts\/34875\/revisions"}],"predecessor-version":[{"id":34876,"href":"https:\/\/www.mladibl.com\/index.php?rest_route=\/wp\/v2\/posts\/34875\/revisions\/34876"}],"wp:featuredmedia":[{"embeddable":true,"href":"https:\/\/www.mladibl.com\/index.php?rest_route=\/wp\/v2\/media\/34863"}],"wp:attachment":[{"href":"https:\/\/www.mladibl.com\/index.php?rest_route=%2Fwp%2Fv2%2Fmedia&parent=34875"}],"wp:term":[{"taxonomy":"category","embeddable":true,"href":"https:\/\/www.mladibl.com\/index.php?rest_route=%2Fwp%2Fv2%2Fcategories&post=34875"},{"taxonomy":"post_tag","embeddable":true,"href":"https:\/\/www.mladibl.com\/index.php?rest_route=%2Fwp%2Fv2%2Ftags&post=34875"}],"curies":[{"name":"wp","href":"https:\/\/api.w.org\/{rel}","templated":true}]}}