{"id":34837,"date":"2023-10-17T08:43:37","date_gmt":"2023-10-17T06:43:37","guid":{"rendered":"https:\/\/www.mladibl.com\/?p=34837"},"modified":"2023-10-17T08:43:38","modified_gmt":"2023-10-17T06:43:38","slug":"izlozba-o-heraldici-srednjovjekovnih-srpskih-zemalja-na-fpn","status":"publish","type":"post","link":"https:\/\/www.mladibl.com\/?p=34837","title":{"rendered":"Izlo\u017eba o heraldici srednjovjekovnih srpskih zemalja na FPN"},"content":{"rendered":"\n<p><strong>Izlo\u017eba \u201eOrao, lav i krin \u2013 heraldika srednjovjekovnih srpskih zemalja\u02ee&nbsp;autora Dejana Do\u0161li\u0107a i Janka Vra\u010dara postavljena je 16. oktobra 2023. godine u holu Fakulteta politi\u010dkih nauka Univerziteta u Banjoj Luci (FPN UNIBL).<\/strong><\/p>\n\n\n\n<p>Doga\u0111aju je prisustvo rektor Univerziteta u Banjoj Luci prof. dr Radoslav Gajanin, ministar za nau\u010dnotehnolo\u0161ki razvoj, visoko obrazovanje i informaciono dru\u0161tvo Republike Srpske doc. dr \u017deljko Budimir, dekanica Fakulteta politi\u010dkih nauka prof. dr Ranka Peri\u0107 Romi\u0107, direktor Muzeja Republike Srpske Davor Strika, predstavnici resornog ministarstva, studenti i nastavno osoblje Univerziteta.<\/p>\n\n\n\n<p>Ina\u010de, izlo\u017ebu \u010dine grbovi vladarskih i velika\u0161kih porodica srednjovjekovnih srpskih zemalja u trodimenzionalnoj formi i faksimil Fojni\u010dkog grbovnika iz 1675. godine, u kojem su predstavljene te porodice.<\/p>\n\n\n\n<p>Izlo\u017eba \u0107e biti postavljena do 27. oktobra 2023. godine. Realizovana je u saradnji sa Muzejom Republike Srpske i dio je manifestacija povodom 48 godina uspje\u0161nog rada i razvoja Univerziteta u Banjoj Luci.&nbsp;<\/p>\n\n\n\n<p>Preuzeto sa: <a href=\"https:\/\/unibl.org\/sr-lat\/vesti\/2023\/10\/izlozba-o-heraldici-srednjovjekovnih-srpskih-zemalja-na-fpn\" data-type=\"link\" data-id=\"https:\/\/unibl.org\/sr-lat\/vesti\/2023\/10\/izlozba-o-heraldici-srednjovjekovnih-srpskih-zemalja-na-fpn\" target=\"_blank\" rel=\"noreferrer noopener\">Univerzitet u Banjoj Luci<\/a><\/p>\n","protected":false},"excerpt":{"rendered":"<p>Izlo\u017eba \u201eOrao, lav i krin \u2013 heraldika srednjovjekovnih srpskih zemalja\u02ee&nbsp;autora Dejana Do\u0161li\u0107a i Janka Vra\u010dara postavljena je 16. oktobra 2023.<\/p>\n","protected":false},"author":1,"featured_media":34817,"comment_status":"closed","ping_status":"open","sticky":false,"template":"","format":"standard","meta":{"om_disable_all_campaigns":false,"_monsterinsights_skip_tracking":false,"_monsterinsights_sitenote_active":false,"_monsterinsights_sitenote_note":"","_monsterinsights_sitenote_category":0,"footnotes":""},"categories":[6],"tags":[12065,699,12066,12067],"class_list":["post-34837","post","type-post","status-publish","format-standard","has-post-thumbnail","hentry","category-dogadjaji","tag-heraldika","tag-izlozba","tag-srednji-vijek","tag-srpske-zemlje"],"jetpack_featured_media_url":"https:\/\/www.mladibl.com\/wp-content\/uploads\/2023\/10\/Izlozba-o-heraldici-srednjovjekovnih-srpskih-zemalja-na-FPN.jpg","amp_enabled":true,"_links":{"self":[{"href":"https:\/\/www.mladibl.com\/index.php?rest_route=\/wp\/v2\/posts\/34837","targetHints":{"allow":["GET"]}}],"collection":[{"href":"https:\/\/www.mladibl.com\/index.php?rest_route=\/wp\/v2\/posts"}],"about":[{"href":"https:\/\/www.mladibl.com\/index.php?rest_route=\/wp\/v2\/types\/post"}],"author":[{"embeddable":true,"href":"https:\/\/www.mladibl.com\/index.php?rest_route=\/wp\/v2\/users\/1"}],"replies":[{"embeddable":true,"href":"https:\/\/www.mladibl.com\/index.php?rest_route=%2Fwp%2Fv2%2Fcomments&post=34837"}],"version-history":[{"count":1,"href":"https:\/\/www.mladibl.com\/index.php?rest_route=\/wp\/v2\/posts\/34837\/revisions"}],"predecessor-version":[{"id":34838,"href":"https:\/\/www.mladibl.com\/index.php?rest_route=\/wp\/v2\/posts\/34837\/revisions\/34838"}],"wp:featuredmedia":[{"embeddable":true,"href":"https:\/\/www.mladibl.com\/index.php?rest_route=\/wp\/v2\/media\/34817"}],"wp:attachment":[{"href":"https:\/\/www.mladibl.com\/index.php?rest_route=%2Fwp%2Fv2%2Fmedia&parent=34837"}],"wp:term":[{"taxonomy":"category","embeddable":true,"href":"https:\/\/www.mladibl.com\/index.php?rest_route=%2Fwp%2Fv2%2Fcategories&post=34837"},{"taxonomy":"post_tag","embeddable":true,"href":"https:\/\/www.mladibl.com\/index.php?rest_route=%2Fwp%2Fv2%2Ftags&post=34837"}],"curies":[{"name":"wp","href":"https:\/\/api.w.org\/{rel}","templated":true}]}}