{"id":34835,"date":"2023-10-17T08:42:10","date_gmt":"2023-10-17T06:42:10","guid":{"rendered":"https:\/\/www.mladibl.com\/?p=34835"},"modified":"2023-10-17T08:42:12","modified_gmt":"2023-10-17T06:42:12","slug":"pocinje-interakcija-2023","status":"publish","type":"post","link":"https:\/\/www.mladibl.com\/?p=34835","title":{"rendered":"Po\u010dinje Interakcija 2023."},"content":{"rendered":"\n<p><strong>Izlo\u017eba Interakcija 2023. bi\u0107e otvorena 20. oktobra 2023. godine u Kamenoj ku\u0107i na banjalu\u010dkoj tvr\u0111avi Kastel, u 19 \u010dasova.<\/strong><\/p>\n\n\n\n<p>Interakcija je projekat saradnje, dijaloga i razmjene iskustava o idejama i pitanjima savremene umjetnosti, koji kontinuirano realizuju studentkinje i studenti Fakulteta likovnih umetnosti i Odeljenja za istoriju umetnosti Filozofskog fakulteta Univerziteta u Beogradu od 2016. godine. Od 2021. godine Interakciji su se pridru\u017eile kolege sa Akademije umjetnosti Univerziteta u Banjoj Luci, uz podr\u0161ku Muzeja savremene umjetnosti Republike Srpske. Centralni dio programa Interakcije predstavlja izlo\u017eba koja se razvija iz zajedni\u010dkog anga\u017eovanja mladih profesionalaca u svijetu savremene umjetnosti koji, primjenjuju\u0107i ste\u010dena znanja, \u010dine prve javne iskorake u artikulaciji mi\u0161ljenja, stavova i pogleda na umjetnost u izlaga\u010dkom formatu.<\/p>\n\n\n\n<p>Izlo\u017eba koja \u0107e biti otvorena do 5. novembra teku\u0107e godine okuplja umjetni\u010dke pozicije studenata zavr\u0161nih godina&nbsp; studija prvog i drugog ciklusa Fakulteta likovnih umetnosti iz Beograda i&nbsp;<a href=\"https:\/\/au.unibl.org\/novosti\/pochi-e-inter-akci-a-2023\" target=\"_blank\" rel=\"noreferrer noopener\"><strong>Akademije umjetnosti Univerziteta u Banjoj Luci<\/strong><\/a>&nbsp;koji se kre\u0107u od subjektivnih, intimnih pogleda na slo\u017eena stanja savremenosti do razmatranja njenih \u0161iroko shva\u0107enih dru\u0161tvenih okvira. Izra\u017eavaju\u0107i se kroz razli\u010dite tehnike i medije, mladi umjetnici i umjetnice progovaraju o razli\u010ditim formama sopstvene savremenosti.<\/p>\n\n\n\n<p>Dio projekta koji se realizuje u Republici Srpskoj koordini\u0161e Centar za vizuelnu umjetnost Banja Luka i podr\u017ean je od strane Grada Banja Luka i Ministarstva prosvjete i kulture Republike Srpske. U okviru izlo\u017ebe odr\u017ea\u0107e se kustoska radionica za u\u010desnike i prezentacija umjetni\u010dkih radova od 17. oktobra do 20. oktobra 2023. godine.<\/p>\n\n\n\n<p>Preuzeto sa: <a href=\"https:\/\/unibl.org\/sr-lat\/vesti\/2023\/10\/pocinje-interakcija-2023\" data-type=\"link\" data-id=\"https:\/\/unibl.org\/sr-lat\/vesti\/2023\/10\/pocinje-interakcija-2023\" target=\"_blank\" rel=\"noreferrer noopener\">Univerzitet u Banjoj Luci<\/a><\/p>\n","protected":false},"excerpt":{"rendered":"<p>Izlo\u017eba Interakcija 2023. bi\u0107e otvorena 20. oktobra 2023. godine u Kamenoj ku\u0107i na banjalu\u010dkoj tvr\u0111avi Kastel, u 19 \u010dasova. Interakcija<\/p>\n","protected":false},"author":1,"featured_media":34818,"comment_status":"closed","ping_status":"open","sticky":false,"template":"","format":"standard","meta":{"om_disable_all_campaigns":false,"_monsterinsights_skip_tracking":false,"_monsterinsights_sitenote_active":false,"_monsterinsights_sitenote_note":"","_monsterinsights_sitenote_category":0,"footnotes":""},"categories":[6],"tags":[4948,699],"class_list":["post-34835","post","type-post","status-publish","format-standard","has-post-thumbnail","hentry","category-dogadjaji","tag-interakcija","tag-izlozba"],"jetpack_featured_media_url":"https:\/\/www.mladibl.com\/wp-content\/uploads\/2023\/10\/Pocinje-Interakcija-2023.jpg","amp_enabled":true,"_links":{"self":[{"href":"https:\/\/www.mladibl.com\/index.php?rest_route=\/wp\/v2\/posts\/34835","targetHints":{"allow":["GET"]}}],"collection":[{"href":"https:\/\/www.mladibl.com\/index.php?rest_route=\/wp\/v2\/posts"}],"about":[{"href":"https:\/\/www.mladibl.com\/index.php?rest_route=\/wp\/v2\/types\/post"}],"author":[{"embeddable":true,"href":"https:\/\/www.mladibl.com\/index.php?rest_route=\/wp\/v2\/users\/1"}],"replies":[{"embeddable":true,"href":"https:\/\/www.mladibl.com\/index.php?rest_route=%2Fwp%2Fv2%2Fcomments&post=34835"}],"version-history":[{"count":1,"href":"https:\/\/www.mladibl.com\/index.php?rest_route=\/wp\/v2\/posts\/34835\/revisions"}],"predecessor-version":[{"id":34836,"href":"https:\/\/www.mladibl.com\/index.php?rest_route=\/wp\/v2\/posts\/34835\/revisions\/34836"}],"wp:featuredmedia":[{"embeddable":true,"href":"https:\/\/www.mladibl.com\/index.php?rest_route=\/wp\/v2\/media\/34818"}],"wp:attachment":[{"href":"https:\/\/www.mladibl.com\/index.php?rest_route=%2Fwp%2Fv2%2Fmedia&parent=34835"}],"wp:term":[{"taxonomy":"category","embeddable":true,"href":"https:\/\/www.mladibl.com\/index.php?rest_route=%2Fwp%2Fv2%2Fcategories&post=34835"},{"taxonomy":"post_tag","embeddable":true,"href":"https:\/\/www.mladibl.com\/index.php?rest_route=%2Fwp%2Fv2%2Ftags&post=34835"}],"curies":[{"name":"wp","href":"https:\/\/api.w.org\/{rel}","templated":true}]}}