{"id":34620,"date":"2023-10-09T22:10:07","date_gmt":"2023-10-09T20:10:07","guid":{"rendered":"https:\/\/www.mladibl.com\/?p=34620"},"modified":"2023-10-09T22:10:08","modified_gmt":"2023-10-09T20:10:08","slug":"sve-je-spremno-za-12-izdanje-medunarodnog-filmskog-festivala-uhvati-film-banja-luka","status":"publish","type":"post","link":"https:\/\/www.mladibl.com\/?p=34620","title":{"rendered":"Sve je spremno za 12. izdanje Me\u0111unarodnog filmskog festivala \u201eUhvati film Banja Luka\u201c"},"content":{"rendered":"\n<p>Projekcijom dokumentarnog filma \u201eTre\u0107a sre\u0107a\u201d u re\u017eiji Davida Todorovi\u0107a iz Crne gore, u \u010detvrtak, 12. oktobra sa po\u010detom od 19.00 \u010dasova u bioskopu \u201eSinestar\u201c bi\u0107e otvoreno 12. izdanje Me\u0111unarodnog filmskog festivala \u201eUhvati film Banja Luka\u201d.<\/p>\n\n\n\n<p>-Na ovogodi\u0161nji filmski konkurs prijavljeno je ukupno 454 filma iz svih krajeva svijeta. U okviru filmskog programa na festivalu u Banjoj Luci premijerno bi\u0107e prikazano 17 filmova, koji mijenjaju perspektive i ru\u0161e predrasude. Filmovi su visokog umjetni\u010dkog kvaliteta. Igrani su, animirani i dokumentarni \u2013 isti\u010du organizatori.<\/p>\n\n\n\n<p>Pored projekcije filmova publiku o\u010dekuje i zanimljiv prate\u0107i program festivala.<\/p>\n\n\n\n<p>-Naredna dva dana, 13. i 14. oktobra, festival \u0107e biti nastavljen na istoj lokaciji, u bioskopu \u201eSinestar\u201c. Panel diskusija \u201eKultura dostupna svima\u201d, sa gostima iz svijeta kulture, umjetnosti, knji\u017eevnosti, na programu je 13. oktobra sa po\u010detkom u 19.00 \u010dasova u Sinestaru. U revijalnom dijelu filmskog programa posjetioci \u0107e imati priliku da pogledaju dokumentarni film \u201eNeki novi Brodvej\u201d u re\u017eiji Denisa Boji\u0107a, nakon \u010dega \u0107e uslijediti razgovor sa Denisom Boji\u0107em i Zoranom Jeli\u0107em \u2013 dodaju organizatori.<\/p>\n\n\n\n<p>Projekat je dio regionalne mre\u017ee Filmski festival \u201eUhvati film\u201d koji realizuju partnerske organizacije iz regiona: KAO \u201eParnas\u201d (Novi Sad), Udruga \u201eSpirit\u201d (Rijeka), HO \u201ePartner\u201d (Banja Luka) i NVU \u201eArt 365\u201d (Podgorica).<\/p>\n\n\n\n<p>Ulaz na sve projekcije i prate\u0107i program je besplatan, a odr\u017eavanje festivala podr\u017eao je Grada Banja Luka.<\/p>\n\n\n\n<p>Festival traje do 14. oktobra.<\/p>\n\n\n\n<p>Preuzeto sa: <a href=\"https:\/\/www.banjaluka.rs.ba\/sve-je-spremno-za-12-izdanje-medjunarodnog-filmskog-festivala-uhvati-film-banjaluka\/\" data-type=\"link\" data-id=\"https:\/\/www.banjaluka.rs.ba\/sve-je-spremno-za-12-izdanje-medjunarodnog-filmskog-festivala-uhvati-film-banjaluka\/\" target=\"_blank\" rel=\"noreferrer noopener\">Grad Banja Luka<\/a><\/p>\n","protected":false},"excerpt":{"rendered":"<p>Projekcijom dokumentarnog filma \u201eTre\u0107a sre\u0107a\u201d u re\u017eiji Davida Todorovi\u0107a iz Crne gore, u \u010detvrtak, 12. oktobra sa po\u010detom od 19.00<\/p>\n","protected":false},"author":1,"featured_media":34632,"comment_status":"closed","ping_status":"open","sticky":false,"template":"","format":"standard","meta":{"om_disable_all_campaigns":false,"_monsterinsights_skip_tracking":false,"_monsterinsights_sitenote_active":false,"_monsterinsights_sitenote_note":"","_monsterinsights_sitenote_category":0,"footnotes":""},"categories":[2],"tags":[53,707,1621,9635],"class_list":["post-34620","post","type-post","status-publish","format-standard","has-post-thumbnail","hentry","category-vijesti","tag-banja-luka","tag-festival","tag-film","tag-uhvati-film-banja-luka"],"jetpack_featured_media_url":"https:\/\/www.mladibl.com\/wp-content\/uploads\/2023\/10\/Sve-je-spremno-za-12.-izdanje-Medunarodnog-filmskog-festivala-\u201eUhvati-film-Banja-Luka.jpg","amp_enabled":true,"_links":{"self":[{"href":"https:\/\/www.mladibl.com\/index.php?rest_route=\/wp\/v2\/posts\/34620","targetHints":{"allow":["GET"]}}],"collection":[{"href":"https:\/\/www.mladibl.com\/index.php?rest_route=\/wp\/v2\/posts"}],"about":[{"href":"https:\/\/www.mladibl.com\/index.php?rest_route=\/wp\/v2\/types\/post"}],"author":[{"embeddable":true,"href":"https:\/\/www.mladibl.com\/index.php?rest_route=\/wp\/v2\/users\/1"}],"replies":[{"embeddable":true,"href":"https:\/\/www.mladibl.com\/index.php?rest_route=%2Fwp%2Fv2%2Fcomments&post=34620"}],"version-history":[{"count":1,"href":"https:\/\/www.mladibl.com\/index.php?rest_route=\/wp\/v2\/posts\/34620\/revisions"}],"predecessor-version":[{"id":34633,"href":"https:\/\/www.mladibl.com\/index.php?rest_route=\/wp\/v2\/posts\/34620\/revisions\/34633"}],"wp:featuredmedia":[{"embeddable":true,"href":"https:\/\/www.mladibl.com\/index.php?rest_route=\/wp\/v2\/media\/34632"}],"wp:attachment":[{"href":"https:\/\/www.mladibl.com\/index.php?rest_route=%2Fwp%2Fv2%2Fmedia&parent=34620"}],"wp:term":[{"taxonomy":"category","embeddable":true,"href":"https:\/\/www.mladibl.com\/index.php?rest_route=%2Fwp%2Fv2%2Fcategories&post=34620"},{"taxonomy":"post_tag","embeddable":true,"href":"https:\/\/www.mladibl.com\/index.php?rest_route=%2Fwp%2Fv2%2Ftags&post=34620"}],"curies":[{"name":"wp","href":"https:\/\/api.w.org\/{rel}","templated":true}]}}