{"id":34543,"date":"2023-10-06T07:54:39","date_gmt":"2023-10-06T05:54:39","guid":{"rendered":"https:\/\/www.mladibl.com\/?p=34543"},"modified":"2023-10-06T07:54:40","modified_gmt":"2023-10-06T05:54:40","slug":"banjalucki-srednjoskolci-osvojili-nagradu-za-najbolju-prezentaciju-na-medunarodnom-sajmu-nauke-u-holandiji","status":"publish","type":"post","link":"https:\/\/www.mladibl.com\/?p=34543","title":{"rendered":"Banjalu\u010dki srednjo\u0161kolci osvojili nagradu za najbolju prezentaciju na Me\u0111unarodnom sajmu nauke u Holandiji"},"content":{"rendered":"\n<p>Oni su velika nada i budu\u0107nost na\u0161e zemlje Tim od \u010detvoro banjalu\u010dkih u\u010denika iz Elektrotehni\u010dke \u0161kole &#8220;Nikola Tesla&#8221; i Gimnazije, osvojio je nagradu na institutu koji je najve\u0107i centar izvrsnosti u istra\u017eivanju o\u010duvanja i hemije voda u Evropskoj Uniji, a ovo je bilo prvi put da ovu nagradu osvaja tim u\u010denika sa Balkana. Tema njihovog rada je bila eksploatacija soli.<\/p>\n\n\n\n<p>&#8220;Mi smo se bazirali na soli iz rudnika u Tuzli, tu smo uzeli uzeli uzorke i onda smo radili komparaciju sa soli koja se komercijalno koristi. Na takmi\u010denju smo predstavili rezultate istra\u017eivanja, a oni ka\u017eu da je tradicionalni na\u010din proizvodnje soli adekvatan za kori\u0161tenje kao i nove tehnologije\u201c, ka\u017ee Marija Stojakovi\u0107, asistent na Prirodno-matemati\u010dkom fakultetu u Banjaluci, pi\u0161e BN<\/p>\n\n\n\n<p>&#8220;Odu\u0161evljavaju me ovakvi projekti, jer ih nemamo mnogo. Ovo je na\u010din da se djeci pribli\u017ei nauka i da se ka\u017ee da nauka nije bauk. Ima jo\u0161 puno nepoznanica koje oni trebaju da otkrivaju\u201c zaklju\u010duje\u201c,Ivana Pand\u017ei\u0107, arheolog i doc. Filozofskog fakulteta u Banjaluci.<\/p>\n\n\n\n<p>Na takmi\u010denju je u\u010destvovalo devet ekipa iz \u010detiri dr\u017eave. U\u010desnici iz Bosne i Hercegovine su se pripremali jako kratko, ali su bili maksimalno posve\u0107eni teoretskom i eksperimentalnom radu, koji je predvi\u0111en za fakultetski nivo.<\/p>\n\n\n\n<p>&#8220;Mi smo na\u0161u prezentaciju pripremili na na\u010din da bude neobi\u010dna. To je interaktivna prezentacija koju nemate priliku vidjeti u \u0161kolama, ona je bila interaktivna. Pripremili smo je za 10 dana i bila je puno posla\u201c, navodi Smiljana Atlagi\u0107, u\u010denica Elektrotehni\u010dke \u0161kole &#8220;Nikola Tesla&#8221;.<\/p>\n\n\n\n<p>\u201eIskustvo samo po sebi, bez nagrade, bilo je lijepo. Sam odlazak i prilika da vidimo kako tamo ljudi u\u010de i rade istra\u017eivanje je nagrada, a osvojena nagrada je samo \u0161lag na tortu\u201c, navodi Pavle \u0110uki\u0107, \u010dlan tim i u\u010denik Elektrotehni\u010dke \u0161kole.<\/p>\n\n\n\n<p>Mentori koji su radili sa ovim mladim nau\u010dnicima ka\u017eu da su oni velika nada i budu\u0107nost na\u0161e zemlje.<\/p>\n\n\n\n<p>Preuzeto sa: <a rel=\"noreferrer noopener\" href=\"https:\/\/6yka.com\/kultura-i-zabava\/banjalucki-srednjoskolci-osvojili-nagradu-za-najbolju-prezentaciju-na-medunarodnom-sajmu-nauke-u-holandiji\" data-type=\"link\" data-id=\"https:\/\/6yka.com\/kultura-i-zabava\/banjalucki-srednjoskolci-osvojili-nagradu-za-najbolju-prezentaciju-na-medunarodnom-sajmu-nauke-u-holandiji\" target=\"_blank\">6yka.com<\/a><\/p>\n","protected":false},"excerpt":{"rendered":"<p>Oni su velika nada i budu\u0107nost na\u0161e zemlje Tim od \u010detvoro banjalu\u010dkih u\u010denika iz Elektrotehni\u010dke \u0161kole &#8220;Nikola Tesla&#8221; i Gimnazije,<\/p>\n","protected":false},"author":1,"featured_media":34545,"comment_status":"closed","ping_status":"open","sticky":false,"template":"","format":"standard","meta":{"om_disable_all_campaigns":false,"_monsterinsights_skip_tracking":false,"_monsterinsights_sitenote_active":false,"_monsterinsights_sitenote_note":"","_monsterinsights_sitenote_category":0,"footnotes":""},"categories":[2],"tags":[53,787,47,12003,61],"class_list":["post-34543","post","type-post","status-publish","format-standard","has-post-thumbnail","hentry","category-vijesti","tag-banja-luka","tag-holandija","tag-nagrada","tag-sajam-nauke","tag-srednjoskolci"],"jetpack_featured_media_url":"https:\/\/www.mladibl.com\/wp-content\/uploads\/2023\/10\/Banjalucki-srednjoskolci-osvojili-nagradu-za-najbolju-prezentaciju-na-Medunarodnom-sajmu-nauke-u-Holandiji.jpg","amp_enabled":true,"_links":{"self":[{"href":"https:\/\/www.mladibl.com\/index.php?rest_route=\/wp\/v2\/posts\/34543","targetHints":{"allow":["GET"]}}],"collection":[{"href":"https:\/\/www.mladibl.com\/index.php?rest_route=\/wp\/v2\/posts"}],"about":[{"href":"https:\/\/www.mladibl.com\/index.php?rest_route=\/wp\/v2\/types\/post"}],"author":[{"embeddable":true,"href":"https:\/\/www.mladibl.com\/index.php?rest_route=\/wp\/v2\/users\/1"}],"replies":[{"embeddable":true,"href":"https:\/\/www.mladibl.com\/index.php?rest_route=%2Fwp%2Fv2%2Fcomments&post=34543"}],"version-history":[{"count":1,"href":"https:\/\/www.mladibl.com\/index.php?rest_route=\/wp\/v2\/posts\/34543\/revisions"}],"predecessor-version":[{"id":34546,"href":"https:\/\/www.mladibl.com\/index.php?rest_route=\/wp\/v2\/posts\/34543\/revisions\/34546"}],"wp:featuredmedia":[{"embeddable":true,"href":"https:\/\/www.mladibl.com\/index.php?rest_route=\/wp\/v2\/media\/34545"}],"wp:attachment":[{"href":"https:\/\/www.mladibl.com\/index.php?rest_route=%2Fwp%2Fv2%2Fmedia&parent=34543"}],"wp:term":[{"taxonomy":"category","embeddable":true,"href":"https:\/\/www.mladibl.com\/index.php?rest_route=%2Fwp%2Fv2%2Fcategories&post=34543"},{"taxonomy":"post_tag","embeddable":true,"href":"https:\/\/www.mladibl.com\/index.php?rest_route=%2Fwp%2Fv2%2Ftags&post=34543"}],"curies":[{"name":"wp","href":"https:\/\/api.w.org\/{rel}","templated":true}]}}