{"id":34487,"date":"2023-10-03T23:44:50","date_gmt":"2023-10-03T21:44:50","guid":{"rendered":"https:\/\/www.mladibl.com\/?p=34487"},"modified":"2023-10-03T23:44:51","modified_gmt":"2023-10-03T21:44:51","slug":"sajam-preduzetnistva-zena-u-republici-srpskoj-27-oktobra","status":"publish","type":"post","link":"https:\/\/www.mladibl.com\/?p=34487","title":{"rendered":"Sajam preduzetni\u0161tva \u017eena u Republici Srpskoj 27. oktobra"},"content":{"rendered":"\n<p>Privredna komora Republike Srpske organizuje &#8220;VI Konferenciju i III Sajam preduzetni\u0161tva \u017eena u Republici Srpskoj&#8221;.<\/p>\n\n\n\n<p>Doga\u0111aj \u0107e biti organizovan u prostorijama Privredne komore Republike Srpske u petak, 27.10.2023. godine.<\/p>\n\n\n\n<p>U okviru Konferencije i programa Evropske mre\u017ee preduzetni\u0161tva bi\u0107e organizovani bilateralni razgovori registrovanih u\u010desnika.<\/p>\n\n\n\n<p>Preuzeto sa: <a href=\"https:\/\/ba.ekapija.com\/news\/4395928\/sajam-preduzetnistva-zena-u-republici-srpskoj-27-oktobra\" data-type=\"link\" data-id=\"https:\/\/ba.ekapija.com\/news\/4395928\/sajam-preduzetnistva-zena-u-republici-srpskoj-27-oktobra\" target=\"_blank\" rel=\"noreferrer noopener\">ba.ekapija.com<\/a><\/p>\n","protected":false},"excerpt":{"rendered":"<p>Privredna komora Republike Srpske organizuje &#8220;VI Konferenciju i III Sajam preduzetni\u0161tva \u017eena u Republici Srpskoj&#8221;. Doga\u0111aj \u0107e biti organizovan u<\/p>\n","protected":false},"author":1,"featured_media":34475,"comment_status":"closed","ping_status":"open","sticky":false,"template":"","format":"standard","meta":{"om_disable_all_campaigns":false,"_monsterinsights_skip_tracking":false,"_monsterinsights_sitenote_active":false,"_monsterinsights_sitenote_note":"","_monsterinsights_sitenote_category":0,"footnotes":""},"categories":[6],"tags":[170,130,2635,814],"class_list":["post-34487","post","type-post","status-publish","format-standard","has-post-thumbnail","hentry","category-dogadjaji","tag-preduzetnistvo","tag-republika-srpska","tag-sajam","tag-zene"],"jetpack_featured_media_url":"https:\/\/www.mladibl.com\/wp-content\/uploads\/2023\/10\/Sajam-preduzetnistva-zena-u-Republici-Srpskoj-27.-oktobra.jpg","amp_enabled":true,"_links":{"self":[{"href":"https:\/\/www.mladibl.com\/index.php?rest_route=\/wp\/v2\/posts\/34487","targetHints":{"allow":["GET"]}}],"collection":[{"href":"https:\/\/www.mladibl.com\/index.php?rest_route=\/wp\/v2\/posts"}],"about":[{"href":"https:\/\/www.mladibl.com\/index.php?rest_route=\/wp\/v2\/types\/post"}],"author":[{"embeddable":true,"href":"https:\/\/www.mladibl.com\/index.php?rest_route=\/wp\/v2\/users\/1"}],"replies":[{"embeddable":true,"href":"https:\/\/www.mladibl.com\/index.php?rest_route=%2Fwp%2Fv2%2Fcomments&post=34487"}],"version-history":[{"count":1,"href":"https:\/\/www.mladibl.com\/index.php?rest_route=\/wp\/v2\/posts\/34487\/revisions"}],"predecessor-version":[{"id":34488,"href":"https:\/\/www.mladibl.com\/index.php?rest_route=\/wp\/v2\/posts\/34487\/revisions\/34488"}],"wp:featuredmedia":[{"embeddable":true,"href":"https:\/\/www.mladibl.com\/index.php?rest_route=\/wp\/v2\/media\/34475"}],"wp:attachment":[{"href":"https:\/\/www.mladibl.com\/index.php?rest_route=%2Fwp%2Fv2%2Fmedia&parent=34487"}],"wp:term":[{"taxonomy":"category","embeddable":true,"href":"https:\/\/www.mladibl.com\/index.php?rest_route=%2Fwp%2Fv2%2Fcategories&post=34487"},{"taxonomy":"post_tag","embeddable":true,"href":"https:\/\/www.mladibl.com\/index.php?rest_route=%2Fwp%2Fv2%2Ftags&post=34487"}],"curies":[{"name":"wp","href":"https:\/\/api.w.org\/{rel}","templated":true}]}}