{"id":34481,"date":"2023-10-03T23:40:43","date_gmt":"2023-10-03T21:40:43","guid":{"rendered":"https:\/\/www.mladibl.com\/?p=34481"},"modified":"2023-10-03T23:40:45","modified_gmt":"2023-10-03T21:40:45","slug":"obnovljene-biciklisticke-staze-i-rampe-na-bulevaru-vojvode-zivojina-misica","status":"publish","type":"post","link":"https:\/\/www.mladibl.com\/?p=34481","title":{"rendered":"Obnovljene biciklisti\u010dke staze i rampe na Bulevaru vojvode \u017divojina Mi\u0161i\u0107a"},"content":{"rendered":"\n<p>Tokom proteklog perioda uspje\u0161no je zavr\u0161ena obnova biciklisti\u010dkih staza, ali i sanacija rampi za kretanje biciklista i osoba sa invaliditetom du\u017e Bulevara vojvode \u017divojina Mi\u0161i\u0107a, na dijelu od Bulevara vojvode Petra Bojovi\u0107a do Ulice Ada u Banjaluci.<\/p>\n\n\n\n<p>Kako je saop\u0161teno iz Odjeljenja za saobra\u0107aj i puteve, ukupno je sanirano 12 rampi na ovom potezu, \u010dime je u zna\u010dajnoj mjeri olak\u0161ano kretanje za bicikliste i osoba sa invaliditetom u ovom dijelu na\u0161eg grada.<\/p>\n\n\n\n<p>\u2013 Imaju\u0107i u vidu da je postoje\u0107a saobra\u0107ajnica izgra\u0111ena u punom profilu, sa obostranom pje\u0161a\u010dkom i biciklisti\u010dkom stazom, kako bi se dobio kontinuitet u kretanju biciklista i osoba sa invaliditetom na ovom potezu bilo je potrebno ukloniti arhitektonske barijere, a potom obaviti sanaciju postoje\u0107ih i izgradnju nedostaju\u0107ih rampi \u2013 navode iz Odjeljenja.<\/p>\n\n\n\n<p>Podsje\u0107amo, Grad Banjaluka opredijeljen je i aktivno radi na unapre\u0111enju biciklisti\u010dke infrastrukture.<\/p>\n\n\n\n<p>Preuzeto sa: <a href=\"https:\/\/blmojgrad.com\/obnovljene-biciklisticke-staze-rampe-na-bulevaru-vojvode-zivojina-misica\/\" data-type=\"link\" data-id=\"https:\/\/blmojgrad.com\/obnovljene-biciklisticke-staze-rampe-na-bulevaru-vojvode-zivojina-misica\/\" target=\"_blank\" rel=\"noreferrer noopener\">blmojgrad.com<\/a><\/p>\n","protected":false},"excerpt":{"rendered":"<p>Tokom proteklog perioda uspje\u0161no je zavr\u0161ena obnova biciklisti\u010dkih staza, ali i sanacija rampi za kretanje biciklista i osoba sa invaliditetom<\/p>\n","protected":false},"author":1,"featured_media":34478,"comment_status":"closed","ping_status":"open","sticky":false,"template":"","format":"standard","meta":{"om_disable_all_campaigns":false,"_monsterinsights_skip_tracking":false,"_monsterinsights_sitenote_active":false,"_monsterinsights_sitenote_note":"","_monsterinsights_sitenote_category":0,"footnotes":""},"categories":[2],"tags":[11992,782],"class_list":["post-34481","post","type-post","status-publish","format-standard","has-post-thumbnail","hentry","category-vijesti","tag-biciklisticke-staze","tag-obnova"],"jetpack_featured_media_url":"https:\/\/www.mladibl.com\/wp-content\/uploads\/2023\/10\/Obnovljene-biciklisticke-staze-i-rampe-na-Bulevaru-vojvode-Zivojina-Misica.jpg","amp_enabled":true,"_links":{"self":[{"href":"https:\/\/www.mladibl.com\/index.php?rest_route=\/wp\/v2\/posts\/34481","targetHints":{"allow":["GET"]}}],"collection":[{"href":"https:\/\/www.mladibl.com\/index.php?rest_route=\/wp\/v2\/posts"}],"about":[{"href":"https:\/\/www.mladibl.com\/index.php?rest_route=\/wp\/v2\/types\/post"}],"author":[{"embeddable":true,"href":"https:\/\/www.mladibl.com\/index.php?rest_route=\/wp\/v2\/users\/1"}],"replies":[{"embeddable":true,"href":"https:\/\/www.mladibl.com\/index.php?rest_route=%2Fwp%2Fv2%2Fcomments&post=34481"}],"version-history":[{"count":1,"href":"https:\/\/www.mladibl.com\/index.php?rest_route=\/wp\/v2\/posts\/34481\/revisions"}],"predecessor-version":[{"id":34482,"href":"https:\/\/www.mladibl.com\/index.php?rest_route=\/wp\/v2\/posts\/34481\/revisions\/34482"}],"wp:featuredmedia":[{"embeddable":true,"href":"https:\/\/www.mladibl.com\/index.php?rest_route=\/wp\/v2\/media\/34478"}],"wp:attachment":[{"href":"https:\/\/www.mladibl.com\/index.php?rest_route=%2Fwp%2Fv2%2Fmedia&parent=34481"}],"wp:term":[{"taxonomy":"category","embeddable":true,"href":"https:\/\/www.mladibl.com\/index.php?rest_route=%2Fwp%2Fv2%2Fcategories&post=34481"},{"taxonomy":"post_tag","embeddable":true,"href":"https:\/\/www.mladibl.com\/index.php?rest_route=%2Fwp%2Fv2%2Ftags&post=34481"}],"curies":[{"name":"wp","href":"https:\/\/api.w.org\/{rel}","templated":true}]}}