{"id":34462,"date":"2023-10-03T08:41:54","date_gmt":"2023-10-03T06:41:54","guid":{"rendered":"https:\/\/www.mladibl.com\/?p=34462"},"modified":"2023-10-03T08:44:45","modified_gmt":"2023-10-03T06:44:45","slug":"konkurs-za-regionalnu-nagradu-srdan-aleksic","status":"publish","type":"post","link":"https:\/\/www.mladibl.com\/?p=34462","title":{"rendered":"Konkurs za Regionalnu nagradu \u201cSr\u0111an Aleksi\u0107\u201d"},"content":{"rendered":"\n<p><a href=\"https:\/\/hcabl.org\/wp-content\/uploads\/2023\/10\/SrdjanAleksicLogoColor.jpg\"><\/a>Nagrada<strong>&nbsp;se dodjeljuje, novinarkama, novinarima i medijima iz Bosne i Hercegovine, Srbije, Hrvatske i Crne Gore u 3 kategorije.<\/strong><\/p>\n\n\n\n<p>HELSIN\u0160KI PARLAMENT GRA\u0110ANA BANJA LUKA, MRE\u017dA ZA IZGRADNJU MIRA , NEZAVISNO DRU\u0160TVO NOVINARA VOJVODINE, INSTITUT ZA MEDIJE CRNE GORE I UDRUGA ZA PROMICANJE MEDIJSKE KULTURE, UMJETNOSTI I TOLERANCIJE \u201eLUPIGA \u2013 SVIJET KROZ OBI\u010cNE O\u010cI\u201c IZ HRVATSKE, RASPISUJU<\/p>\n\n\n\n<p><strong>&nbsp; &nbsp; &nbsp; &nbsp; &nbsp; &nbsp; &nbsp; &nbsp; &nbsp; &nbsp; &nbsp; &nbsp; &nbsp; &nbsp; &nbsp; &nbsp; &nbsp; &nbsp; &nbsp; &nbsp; &nbsp; &nbsp; &nbsp; &nbsp; &nbsp; &nbsp; &nbsp; &nbsp; &nbsp; &nbsp; &nbsp; &nbsp; &nbsp; &nbsp; &nbsp; &nbsp; &nbsp; &nbsp; &nbsp; &nbsp; &nbsp; &nbsp; Konkurs<\/strong><\/p>\n\n\n\n<p>za Regionalnu novinarsku nagradu \u201cSr\u0111an Aleksi\u0107\u201d<\/p>\n\n\n\n<p>Nagrada se dodjeljuje, novinarkama, novinarima i medijima iz Bosne i Hercegovine, Srbije, Hrvatske i Crne Gore u 3 kategorije:<\/p>\n\n\n\n<ol class=\"wp-block-list\" type=\"1\">\n<li><\/li>\n<\/ol>\n\n\n\n<ol class=\"wp-block-list\" type=\"1\">\n<li><em><strong>za novinarsku hrabrost i izuzetnost<\/strong><\/em><\/li>\n\n\n\n<li><em><strong>za doprinos zajednici<\/strong><\/em><\/li>\n\n\n\n<li><em><strong>za medije<\/strong><\/em><\/li>\n<\/ol>\n\n\n\n<ol class=\"wp-block-list\" type=\"1\">\n<li><\/li>\n<\/ol>\n\n\n\n<ol class=\"wp-block-list\" type=\"1\">\n<li>Nagrada za novinarsku hrabrost i izuzetnost dodjeljuje se novinarki ili novinaru koji su se istakli temeljitim, profesionalnim i eti\u010d\u00adnim izvje\u0161tavanjem o korupciji, potro\u0161nji javnih sredstava, uni\u0161tavanju prirodnih resursa, politi\u010dkim manipulacijama, nasilju, veli\u010danju ratnih zlo\u010dinaca ili drugim temama koje su tabu ili o kojima se rijetko ili jedno\u00adstrano izvje\u0161tava.<\/li>\n\n\n\n<li>Nagrada za doprinos zajednici dodjeljuje se novinarki ili novinaru ili grupi autora i autorki za kontinuirano izvje\u0161tavanje o pomi\u00adrenju, inkluziji, za\u0161titi ljudskih prava, ravnopravnosti polova i vladavini prava, koje je donijelo konkretnu dobit gra\u0111anima i gra\u0111ankama i\/ili zajednicama u kojima oni \u017eive.<\/li>\n\n\n\n<li>Nagrada za medije dodjeljuje se medijima iz regiona, koji se isti\u010du odgovornom&nbsp; ure\u0111iva\u010dkom politikom i podr\u017eavaju svoje novinare i novinarke u njihovom nastojanju da&nbsp; budu u slu\u017ebi javnog interesa i za\u0161tite ljudskih prava, slobode medija.<\/li>\n<\/ol>\n\n\n\n<p>Novinare, novinarke i medije mogu nominovati udru\u017eenja\/udruge, neformalne grupe, mre\u017ee organizacija civilnog dru\u0161tva, urednici\/ce u medijima, novinari\/ke, sindikati, nau\u010dno-obrazovne institucije, univerzitetski nastavnici\/ce, iz Bosne i Hercegovine, Srbije, Hrvatske i Crne Gore.<\/p>\n\n\n\n<p><strong>Rok za nominaciju je&nbsp;<\/strong><strong>1. novembar\/studeni 2023.<\/strong><strong>&nbsp;godine.<\/strong><\/p>\n\n\n\n<p><strong>Novinarke, novinari i mediji ne mogu se direktno prijaviti na konkurs.<\/strong><\/p>\n\n\n\n<p><strong>Na\u010din prijave:<\/strong><\/p>\n\n\n\n<p>Popuniti formular za nominaciju koji mo\u017eete preuzeti na sljede\u0107im linkovima<\/p>\n\n\n\n<p><strong><a href=\"https:\/\/app.smartsheet.com\/b\/form\/9e82a599c9d24204b073bea2310d9f9e\" target=\"_blank\" rel=\"noreferrer noopener\">Link za novinarsku hrabrost i izuzetnost<\/a><\/strong><\/p>\n\n\n\n<p><strong><a href=\"https:\/\/app.smartsheet.com\/b\/form\/f0f126ecbbaf41c0b5951ed650d39a41\" target=\"_blank\" rel=\"noreferrer noopener\">Link za doprinos zajednici<\/a><\/strong><\/p>\n\n\n\n<p><strong><a href=\"https:\/\/app.smartsheet.com\/b\/form\/d779a74692f7446fb52f9ffe14b23b1a\" target=\"_blank\" rel=\"noreferrer noopener\">Link za medije<\/a><\/strong><\/p>\n\n\n\n<p>Za nagradu u prve dvije kategorije za novinare i novinarke poslati od jedne do maksimalno tri snimljene emisije ili teksta\/priloga novinara\/novinarke koji\/a se nominuje, a koji ispunjavaju kriterijume za nagradu u ove dvije kategorije, i koji su objavljeni u periodu od<strong>&nbsp;1.10.2022. do 1.10.2023. godine.<\/strong><\/p>\n\n\n\n<p>Za nagradu u tre\u0107oj kategoriji poslati link na web stranicu medija i do tri emisije, priloga ili teksta koji svjedo\u010de o ispunjavanju kriterijuma za nagradu u ovoj kategoriji.<\/p>\n\n\n\n<p>Detaljna poja\u0161njenja kriterijuma za nagradu u svakoj od kategorija i formati u kojima se mogu dostaviti nominovani prilozi data su u obrascima za nominaciju.<\/p>\n\n\n\n<p>Odluku o dodjeli nagrade u sve tri kategorije donije\u0107e stru\u010dni \u017eiri koji \u010dine novinari i novinarke i medijski stru\u010dnjaci iz dr\u017eava koje u\u010destvuju na konkursu.<\/p>\n\n\n\n<p>Pitanja u vezi za konkursnom procedurom se mogu postaviti e-mailom&nbsp;<strong><a href=\"mailto:nagrada@hcabl.org\">nagrada@hcabl.org&nbsp;<\/a><\/strong>najkasnije do 20.10.2023. godine.<br><strong>Regionalna novinarska nagrada \u201eSr\u0111an Aleksi\u0107\u201c \u0107e se dodijeliti 10. decembra\/prosinca 2023. u Banjaluci, povodom Me\u0111unarodnog dana ljudskih prava.<\/strong><\/p>\n\n\n\n<p>Preuzeto sa: <a href=\"https:\/\/hcabl.org\/konkurs-za-regionalnu-nagradu-srdan-aleksic\/\" data-type=\"link\" data-id=\"https:\/\/hcabl.org\/konkurs-za-regionalnu-nagradu-srdan-aleksic\/\" target=\"_blank\" rel=\"noreferrer noopener\">HCABL<\/a><\/p>\n","protected":false},"excerpt":{"rendered":"<p>Nagrada&nbsp;se dodjeljuje, novinarkama, novinarima i medijima iz Bosne i Hercegovine, Srbije, Hrvatske i Crne Gore u 3 kategorije. HELSIN\u0160KI PARLAMENT<\/p>\n","protected":false},"author":1,"featured_media":34432,"comment_status":"closed","ping_status":"open","sticky":false,"template":"","format":"standard","meta":{"om_disable_all_campaigns":false,"_monsterinsights_skip_tracking":false,"_monsterinsights_sitenote_active":false,"_monsterinsights_sitenote_note":"","_monsterinsights_sitenote_category":0,"footnotes":""},"categories":[8692,1461],"tags":[306,10140,1468],"class_list":["post-34462","post","type-post","status-publish","format-standard","has-post-thumbnail","hentry","category-izdvajamo","category-konkursi","tag-konkurs","tag-regionalna-nagrada","tag-srdan-aleksic"],"jetpack_featured_media_url":"https:\/\/www.mladibl.com\/wp-content\/uploads\/2023\/10\/Srdjan-Aleksic-nagrada.jpg","amp_enabled":true,"_links":{"self":[{"href":"https:\/\/www.mladibl.com\/index.php?rest_route=\/wp\/v2\/posts\/34462","targetHints":{"allow":["GET"]}}],"collection":[{"href":"https:\/\/www.mladibl.com\/index.php?rest_route=\/wp\/v2\/posts"}],"about":[{"href":"https:\/\/www.mladibl.com\/index.php?rest_route=\/wp\/v2\/types\/post"}],"author":[{"embeddable":true,"href":"https:\/\/www.mladibl.com\/index.php?rest_route=\/wp\/v2\/users\/1"}],"replies":[{"embeddable":true,"href":"https:\/\/www.mladibl.com\/index.php?rest_route=%2Fwp%2Fv2%2Fcomments&post=34462"}],"version-history":[{"count":1,"href":"https:\/\/www.mladibl.com\/index.php?rest_route=\/wp\/v2\/posts\/34462\/revisions"}],"predecessor-version":[{"id":34463,"href":"https:\/\/www.mladibl.com\/index.php?rest_route=\/wp\/v2\/posts\/34462\/revisions\/34463"}],"wp:featuredmedia":[{"embeddable":true,"href":"https:\/\/www.mladibl.com\/index.php?rest_route=\/wp\/v2\/media\/34432"}],"wp:attachment":[{"href":"https:\/\/www.mladibl.com\/index.php?rest_route=%2Fwp%2Fv2%2Fmedia&parent=34462"}],"wp:term":[{"taxonomy":"category","embeddable":true,"href":"https:\/\/www.mladibl.com\/index.php?rest_route=%2Fwp%2Fv2%2Fcategories&post=34462"},{"taxonomy":"post_tag","embeddable":true,"href":"https:\/\/www.mladibl.com\/index.php?rest_route=%2Fwp%2Fv2%2Ftags&post=34462"}],"curies":[{"name":"wp","href":"https:\/\/api.w.org\/{rel}","templated":true}]}}