{"id":34460,"date":"2023-10-03T08:40:04","date_gmt":"2023-10-03T06:40:04","guid":{"rendered":"https:\/\/www.mladibl.com\/?p=34460"},"modified":"2023-10-03T08:40:05","modified_gmt":"2023-10-03T06:40:05","slug":"banjalucka-umjetnica-jelena-medic-postavlja-nam-svima-jedno-vazno-pitanje-jesam-li","status":"publish","type":"post","link":"https:\/\/www.mladibl.com\/?p=34460","title":{"rendered":"Banjalu\u010dka umjetnica Jelena Medi\u0107 postavlja nam svima jedno va\u017eno pitanje: \u201cJesam li \u2026?\u201d"},"content":{"rendered":"\n<p>Nakon politi\u010dkog nadmetanja na bilbordima izme\u0111u predstavnika Republike Srpske i EUFOR-a koje smo mogli pratiti protekle dvije sedmice, na njihovim mjestima u Banjaluci, danas su se pojavili plakati koji na duhovit na\u010din vra\u0107aju pa\u017enju s politike na ono \u0161to je uvijek u na\u0161oj kontroli \u2013 na\u0161e pona\u0161anje. Na fotografijama su magarac, koza i koko\u0161ka parkirani na mjesta za osobe sa invaliditetom. U pitanju je fotografska instalacija vizuelne umjetnice Jelene Medi\u0107 koja pita: \u201cJesam li\u2026?\u201d a nastavak pitanja ostavlja da dovr\u0161i posmatra\u010d. Jesam li se danas pona\u0161ao kao magarac\/koza\/koko\u0161ka? Jesam li zloupotrijebio parking mjesta ljudima kojima su ona neophodna? Jesam li za \u017eivot u gradu, u zajednici? Jesam li uop\u0161te primjetio \u0161ta radim?\u2026 Jesam li \u010dovjek?<\/p>\n\n\n\n<p>Reklamni prostori firme Metromedia group, sponzora instalacije, po drugi put slu\u017ee kao galerijski prostor Jeleni Medi\u0107. Iako potpuno u javnosti, ovaj prostor je mjesto na kom je jezik umjetnosti uvijek dobrodo\u0161ao i nema cenzure, utisak je umjetnice. Podsjeti\u0107emo da su 2020. godine zajedno realizovali Jeleninu izlo\u017ebu \u201cBudni\u201d iz koje je &nbsp;kasnije nastao \u201cKlub Budni\u201d i Filmska produkcija \u201dBudni\u201d, organizatori aktuelne instalacije.<\/p>\n\n\n\n<p>Projekat je dio dugometra\u017enog dokumentarnog filma o \u017eivotu banjalu\u010dke ko\u0161arka\u0161ice i aktivistkinje za prava osoba sa invaliditetom, Biljane Nedi\u0107, ali i o mnogim dru\u0161tvenim klipovima koje nesvjesno zabadamo jedni drugima u \u201cto\u010dkove\u201d.<\/p>\n\n\n\n<p>Djeluje bezazlen prekr\u0161aj parkirati auto na minut, dva, pet minuta na parking rezervisan za osobe sa invaliditetom, ali to vrlo brzo postaje navika. Pet minuta se produ\u017ei, prestanemo obra\u0107ati pa\u017enju, mislimo ima dovoljno mjesta, \u0161to da stoje prazna, brzo \u0107u, u \u017eurbi parkiramo na pro\u0161irenje i osoba koja koristi kolica, kada se vrati do svog auta, ne mo\u017ee da u\u0111e, \u0161tampaju se la\u017ene iskaznice, koriste roditeljske\u2026 i razni drugi, balkanski java\u0161luci. Od nedavno su&nbsp; kazne za parkiranje na mjestima rezervisanim za osobe sa invaliditetom pove\u0107ane na 500KM, ali \u010dini se da ni to nije dovoljno da nas probudi. Primjenljivo je, naravno, i na druge stvari. Urede se parkovi, za par dana iza\u0111e naslov \u201cure\u0111ena povr\u0161ina na udaru vandala\u201d, dje\u010dija igrali\u0161ta i \u0161ume puni sme\u0107a\u2026 O politici sve znamo, ideologije su nam beskrajno va\u017ene, za \u010das dozvolimo da budemo potpireni na sukobe, pa u pravedni\u010dkom bijesu zaboravimo da se zapitamo \u201dJesam li ja danas u\u010dinio sve \u0161to sam mogao da \u017eivimo ljudski i jesam li sposoban uvidjeti kad grije\u0161im, maker i iz najboljih namjera, pa ispraviti?\u201d, rekla je autorka.<\/p>\n\n\n\n<figure class=\"wp-block-image\"><img decoding=\"async\" src=\"https:\/\/www.mreza-mira.net\/wp-content\/uploads\/2023\/10\/IMG_20231002_120716.jpg\" alt=\"\" class=\"wp-image-349809\"\/><\/figure>\n\n\n\n<p>Ovo je debitantski dugometra\u017eni film u re\u017eiji Jelene Medi\u0107, koji je trenutno u razvoju, a produkcija je planirana za 2024. godinu. Jelena je, tako\u0111e, i producent ovog filma. Od autorke saznajemo da je tema invaliditeta ipak sporedna. Ona slu\u017ei kao osnovna radnja, dok se u su\u0161tini film bavi jednom emotivnom, ljudskom pri\u010dom, propituju\u0107i koji su to mehanizmim koji pokre\u0107u i ko\u010de na\u0161e \u017eivotne to\u010dkove.<\/p>\n\n\n\n<p>Razvoj filma je podr\u017ean sredstvima Audio-vizuelnog centar Republike Srpske i Grada Banja Luke, a o\u010dekuje se i podr\u0161ka Ministarstva prosvjete i kulture Republike Srpske i Ministarstva civilnih poslova BiH. S obzirom da dru\u0161tvene neda\u0107e kojima se film bavi dijelimo sa ve\u0107inom balkanskih zemalja, koproducente za sada tra\u017ee u Srbiji i Rumuniji.<\/p>\n\n\n\n<p>Jelena Medi\u0107 je ro\u0111ena 1980. godine u Novom Sadu. Glumu i dramaturgiju je zavr\u0161ila na Akademiji umjetnosti u Banjaluci, gdje i sada \u017eivi. Fotografijom se bavi vi\u0161e od 10 godina. Izlagala je na brojnim samostalnim i grupnim izlo\u017ebama u zemlji i inostranstvu. Osniva\u010d je Kluba Budni i Filmske produkcije Budni.<\/p>\n\n\n\n<p>Preuzeto sa: <a href=\"https:\/\/www.mreza-mira.net\/vijesti\/clanci\/banjalucka-umjetnica-jelena-medic-postavlja-nam-svima-jedno-vazno-pitanje-jesam-li\/\" data-type=\"link\" data-id=\"https:\/\/www.mreza-mira.net\/vijesti\/clanci\/banjalucka-umjetnica-jelena-medic-postavlja-nam-svima-jedno-vazno-pitanje-jesam-li\/\" target=\"_blank\" rel=\"noreferrer noopener\">mreza-mira.net<\/a><\/p>\n","protected":false},"excerpt":{"rendered":"<p>Nakon politi\u010dkog nadmetanja na bilbordima izme\u0111u predstavnika Republike Srpske i EUFOR-a koje smo mogli pratiti protekle dvije sedmice, na njihovim<\/p>\n","protected":false},"author":1,"featured_media":34433,"comment_status":"closed","ping_status":"open","sticky":false,"template":"","format":"standard","meta":{"om_disable_all_campaigns":false,"_monsterinsights_skip_tracking":false,"_monsterinsights_sitenote_active":false,"_monsterinsights_sitenote_note":"","_monsterinsights_sitenote_category":0,"footnotes":""},"categories":[370],"tags":[11990,11991,1016],"class_list":["post-34460","post","type-post","status-publish","format-standard","has-post-thumbnail","hentry","category-ostalo","tag-jelena-mandic","tag-jesam-li","tag-kampanja"],"jetpack_featured_media_url":"https:\/\/www.mladibl.com\/wp-content\/uploads\/2023\/10\/Jesam-li-.jpg","amp_enabled":true,"_links":{"self":[{"href":"https:\/\/www.mladibl.com\/index.php?rest_route=\/wp\/v2\/posts\/34460","targetHints":{"allow":["GET"]}}],"collection":[{"href":"https:\/\/www.mladibl.com\/index.php?rest_route=\/wp\/v2\/posts"}],"about":[{"href":"https:\/\/www.mladibl.com\/index.php?rest_route=\/wp\/v2\/types\/post"}],"author":[{"embeddable":true,"href":"https:\/\/www.mladibl.com\/index.php?rest_route=\/wp\/v2\/users\/1"}],"replies":[{"embeddable":true,"href":"https:\/\/www.mladibl.com\/index.php?rest_route=%2Fwp%2Fv2%2Fcomments&post=34460"}],"version-history":[{"count":1,"href":"https:\/\/www.mladibl.com\/index.php?rest_route=\/wp\/v2\/posts\/34460\/revisions"}],"predecessor-version":[{"id":34461,"href":"https:\/\/www.mladibl.com\/index.php?rest_route=\/wp\/v2\/posts\/34460\/revisions\/34461"}],"wp:featuredmedia":[{"embeddable":true,"href":"https:\/\/www.mladibl.com\/index.php?rest_route=\/wp\/v2\/media\/34433"}],"wp:attachment":[{"href":"https:\/\/www.mladibl.com\/index.php?rest_route=%2Fwp%2Fv2%2Fmedia&parent=34460"}],"wp:term":[{"taxonomy":"category","embeddable":true,"href":"https:\/\/www.mladibl.com\/index.php?rest_route=%2Fwp%2Fv2%2Fcategories&post=34460"},{"taxonomy":"post_tag","embeddable":true,"href":"https:\/\/www.mladibl.com\/index.php?rest_route=%2Fwp%2Fv2%2Ftags&post=34460"}],"curies":[{"name":"wp","href":"https:\/\/api.w.org\/{rel}","templated":true}]}}