{"id":34430,"date":"2023-10-03T00:32:44","date_gmt":"2023-10-02T22:32:44","guid":{"rendered":"https:\/\/www.mladibl.com\/?p=34430"},"modified":"2023-10-03T00:32:45","modified_gmt":"2023-10-02T22:32:45","slug":"prvi-dan-jesenje-sonate-u-srijedu-koncert-beogradskog-kamernog-ansambla-gudaci-svetog-dorda","status":"publish","type":"post","link":"https:\/\/www.mladibl.com\/?p=34430","title":{"rendered":"Prvi dan \u201eJesenje sonate\u201c: U srijedu koncert beogradskog kamernog ansambla \u201eGuda\u010di Svetog \u0110or\u0111a\u201c"},"content":{"rendered":"\n<p>Sve je spremno za \u0160esti internacionalni muzi\u010dki festival \u201eJesenja sonata\u201c, koji \u0107e u Kulturnom centru Banski dvor biti odr\u017ean od 4. do 8. oktobra, a ovogodi\u0161nji festival \u0107e u srijedu 4. oktobra otvoriti renomirani beogradski kamerni ansambl \u201eGuda\u010di Svetog \u0110or\u0111a\u201c.<\/p>\n\n\n\n<p>-Sa tradicijom dugom pune tri decenije ovaj reprezentativni muzi\u010dki ansambl iza sebe ima preko 1.600 koncertnih nastupa u zemlji i inostranstvu a njihov repertoar obuhvata djela iz razli\u010ditih stilskih epoha, od baroka do savremene muzike. Na njihovom repertoaru se obavezno nalaze i kompozicije srpskih autora, me\u0111u kojima je nemali broj njih koje su namjenski komponovane i posve\u0107ene upravo ovom ansamblu \u2013 navedeno je u saop\u0161tenju Banskog dvora.<\/p>\n\n\n\n<p>Dodaju kako je umjetni\u010dki direktor i \u0161ef dirigent \u201eGuda\u010di Svetog \u0110or\u0111a\u201c od 2022. godine je svjetski priznati umjetnik i najuspe\u0161niji srpski dirigent dana\u0161njice Srboljub Dini\u0107.<\/p>\n\n\n\n<p>Ulaznice za sve festivalske ve\u010deri mo\u017eete kupiti na biletarnici Banskog dvora po cijeni od 7 KM, svakim radnim danom, osim vikendom od 12.00 do 18.00 \u010dasova.<\/p>\n\n\n\n<p>Preuzeto sa: <a href=\"https:\/\/www.banjaluka.rs.ba\/prvi-dan-jesenje-sonate-u-srijedu-koncert-beogradskog-kamernog-ansambal-gudaci-svetog-djordja\/\" data-type=\"link\" data-id=\"https:\/\/www.banjaluka.rs.ba\/prvi-dan-jesenje-sonate-u-srijedu-koncert-beogradskog-kamernog-ansambal-gudaci-svetog-djordja\/\" target=\"_blank\" rel=\"noreferrer noopener\">Grad Banja Luka<\/a><\/p>\n","protected":false},"excerpt":{"rendered":"<p>Sve je spremno za \u0160esti internacionalni muzi\u010dki festival \u201eJesenja sonata\u201c, koji \u0107e u Kulturnom centru Banski dvor biti odr\u017ean od<\/p>\n","protected":false},"author":1,"featured_media":34442,"comment_status":"closed","ping_status":"open","sticky":false,"template":"","format":"standard","meta":{"om_disable_all_campaigns":false,"_monsterinsights_skip_tracking":false,"_monsterinsights_sitenote_active":false,"_monsterinsights_sitenote_note":"","_monsterinsights_sitenote_category":0,"footnotes":""},"categories":[2],"tags":[11988,6359,3536],"class_list":["post-34430","post","type-post","status-publish","format-standard","has-post-thumbnail","hentry","category-vijesti","tag-gudaci-svetog-dorda","tag-jesenja-sonata","tag-koncert"],"jetpack_featured_media_url":"https:\/\/www.mladibl.com\/wp-content\/uploads\/2023\/10\/Prvi-dan-\u201eJesenje-sonate_-U-srijedu-koncert-beogradskog-kamernog-ansambla-\u201eGudaci-Svetog-Dorda.jpg","amp_enabled":true,"_links":{"self":[{"href":"https:\/\/www.mladibl.com\/index.php?rest_route=\/wp\/v2\/posts\/34430","targetHints":{"allow":["GET"]}}],"collection":[{"href":"https:\/\/www.mladibl.com\/index.php?rest_route=\/wp\/v2\/posts"}],"about":[{"href":"https:\/\/www.mladibl.com\/index.php?rest_route=\/wp\/v2\/types\/post"}],"author":[{"embeddable":true,"href":"https:\/\/www.mladibl.com\/index.php?rest_route=\/wp\/v2\/users\/1"}],"replies":[{"embeddable":true,"href":"https:\/\/www.mladibl.com\/index.php?rest_route=%2Fwp%2Fv2%2Fcomments&post=34430"}],"version-history":[{"count":1,"href":"https:\/\/www.mladibl.com\/index.php?rest_route=\/wp\/v2\/posts\/34430\/revisions"}],"predecessor-version":[{"id":34443,"href":"https:\/\/www.mladibl.com\/index.php?rest_route=\/wp\/v2\/posts\/34430\/revisions\/34443"}],"wp:featuredmedia":[{"embeddable":true,"href":"https:\/\/www.mladibl.com\/index.php?rest_route=\/wp\/v2\/media\/34442"}],"wp:attachment":[{"href":"https:\/\/www.mladibl.com\/index.php?rest_route=%2Fwp%2Fv2%2Fmedia&parent=34430"}],"wp:term":[{"taxonomy":"category","embeddable":true,"href":"https:\/\/www.mladibl.com\/index.php?rest_route=%2Fwp%2Fv2%2Fcategories&post=34430"},{"taxonomy":"post_tag","embeddable":true,"href":"https:\/\/www.mladibl.com\/index.php?rest_route=%2Fwp%2Fv2%2Ftags&post=34430"}],"curies":[{"name":"wp","href":"https:\/\/api.w.org\/{rel}","templated":true}]}}