{"id":3414,"date":"2020-10-15T15:19:37","date_gmt":"2020-10-15T13:19:37","guid":{"rendered":"http:\/\/www.mladibl.com\/?p=3414"},"modified":"2020-10-15T15:19:40","modified_gmt":"2020-10-15T13:19:40","slug":"forum-mladih-i-kraj-bloom-projekta","status":"publish","type":"post","link":"https:\/\/www.mladibl.com\/?p=3414","title":{"rendered":"Forum mladih i kraj BLOOM projekta"},"content":{"rendered":"\n<p>Prvi lokalni Forum mladih odr\u017ean je danas u banjalu\u010dkom Domu omladine gdje su u\u010desnici koji su prosli obuku za edukatore govorili o Ljudskim pravima. Obuka za edukatore imala je za cilj da upozna i pripremi grupu za dinami\u010dan rad u oblasti facilitacije, edukacije i moderacije te im pru\u017ei priliku da kroz prakti\u010dan rad i primjere nau\u010de osnove ovog posla.<\/p>\n\n\n\n<p>Forum mladih okupio je mlade koji su na samom po\u010detku imali priliku da pogledaju dokumentarni film &#8220;TAMO&#8221; koji je objavio Institut za razvoj mladih i zajednice &#8220;Perpetuum mobile&#8221; iz Banjaluke, te razgovaraju o problemima mladih u dru\u0161tvu. <\/p>\n\n\n\n<p>&#8220;Bila je ovo sjajna prilika da se mladim ljudima koji se \u017eele baviti facilitatorskim poslom omogu\u0107i prilika da se oprobaju u istom. Jasan, koncizan i interesantan sadr\u017eaj radionice dodatni su motiv za jo\u0161 ljep\u0161i cjelokupni utisak. Ujedno, sadr\u017eaj radionice podsjetio nas je na zna\u010daj ljudskih prava i demokratije jednog dru\u0161tva, a pogotovo danas u doba pandemije&#8221; &#8211; izjavila je Dajana Ajder, u\u010desnik na projektu.<\/p>\n\n\n\n<p>&#8220;Mislim da sam se dobro snasao i da su mojim radom podjednako zadovoljni i prisutni posjetioci radionice i moje kolege facilitatori. Pripremanje same radionice je za mene bilo jedno veoma zabavno iskustvo, jer sam uglavnom na radionicama prisutan kao ucesnik, a ne kao neko ko bi to trebao organizovati. Veoma sam zahvalan na prilici koju ste nam pru\u017eili&#8221; &#8211; istakao je Zoran Stojni\u0107.<\/p>\n\n\n\n<p>Edukatori koji su bili podijeljeni u dvije grupe predstavili su svoje radionice pokazuju\u0107i tako na koji na\u010din i kako su zapravo razumjeli sva uputstva koja su imali prilike da \u010duju na dvodnevnoj obuci koju su poha\u0111ali u periodu od 8. do 9. oktobra 2020. godine u sklopu projekta BLOOM &#8211; Banjalu\u010dka obuka i osna\u017eivanje mladih.<\/p>\n\n\n\n<p>Projekat BLOOM realizuje se kao inicijativa mladih \u2013 polaznika generacije 16. obuke UMiD (U\u010di, misli, djeluj) koju implementira Institut za razvoj mladih KULT Sarajevo.<\/p>\n\n\n\n<p>Preuzeto sa: <a href=\"http:\/\/www.cerebra-ngo.com\/?p=1112\" target=\"_blank\" rel=\"noreferrer noopener\" aria-label=\"CEREBRA NGO (opens in a new tab)\">CEREBRA NGO<\/a><\/p>\n","protected":false},"excerpt":{"rendered":"<p>Prvi lokalni Forum mladih odr\u017ean je danas u banjalu\u010dkom Domu omladine gdje su u\u010desnici koji su prosli obuku za edukatore<\/p>\n","protected":false},"author":1,"featured_media":3415,"comment_status":"closed","ping_status":"open","sticky":false,"template":"","format":"standard","meta":{"om_disable_all_campaigns":false,"_monsterinsights_skip_tracking":false,"_monsterinsights_sitenote_active":false,"_monsterinsights_sitenote_note":"","_monsterinsights_sitenote_category":0,"footnotes":""},"categories":[449],"tags":[53,1448,22,21,1602],"class_list":["post-3414","post","type-post","status-publish","format-standard","has-post-thumbnail","hentry","category-organizacije","tag-banja-luka","tag-bloom","tag-cerebra","tag-dom-omladine","tag-forum-mladih"],"jetpack_featured_media_url":"https:\/\/www.mladibl.com\/wp-content\/uploads\/2020\/10\/forum-mladih-i-kraj-bloom-projekta.jpg","amp_enabled":true,"_links":{"self":[{"href":"https:\/\/www.mladibl.com\/index.php?rest_route=\/wp\/v2\/posts\/3414","targetHints":{"allow":["GET"]}}],"collection":[{"href":"https:\/\/www.mladibl.com\/index.php?rest_route=\/wp\/v2\/posts"}],"about":[{"href":"https:\/\/www.mladibl.com\/index.php?rest_route=\/wp\/v2\/types\/post"}],"author":[{"embeddable":true,"href":"https:\/\/www.mladibl.com\/index.php?rest_route=\/wp\/v2\/users\/1"}],"replies":[{"embeddable":true,"href":"https:\/\/www.mladibl.com\/index.php?rest_route=%2Fwp%2Fv2%2Fcomments&post=3414"}],"version-history":[{"count":1,"href":"https:\/\/www.mladibl.com\/index.php?rest_route=\/wp\/v2\/posts\/3414\/revisions"}],"predecessor-version":[{"id":3416,"href":"https:\/\/www.mladibl.com\/index.php?rest_route=\/wp\/v2\/posts\/3414\/revisions\/3416"}],"wp:featuredmedia":[{"embeddable":true,"href":"https:\/\/www.mladibl.com\/index.php?rest_route=\/wp\/v2\/media\/3415"}],"wp:attachment":[{"href":"https:\/\/www.mladibl.com\/index.php?rest_route=%2Fwp%2Fv2%2Fmedia&parent=3414"}],"wp:term":[{"taxonomy":"category","embeddable":true,"href":"https:\/\/www.mladibl.com\/index.php?rest_route=%2Fwp%2Fv2%2Fcategories&post=3414"},{"taxonomy":"post_tag","embeddable":true,"href":"https:\/\/www.mladibl.com\/index.php?rest_route=%2Fwp%2Fv2%2Ftags&post=3414"}],"curies":[{"name":"wp","href":"https:\/\/api.w.org\/{rel}","templated":true}]}}