{"id":3411,"date":"2020-10-15T15:16:50","date_gmt":"2020-10-15T13:16:50","guid":{"rendered":"http:\/\/www.mladibl.com\/?p=3411"},"modified":"2020-10-15T15:16:52","modified_gmt":"2020-10-15T13:16:52","slug":"kampanjom-jesi-ok-obiljezen-medunarodni-dan-mentalnog-zdravlja","status":"publish","type":"post","link":"https:\/\/www.mladibl.com\/?p=3411","title":{"rendered":"Kampanjom &#8220;Jesi ok?&#8221; obilje\u017een Me\u0111unarodni dan mentalnog zdravlja"},"content":{"rendered":"\n<p>Svjetska zdravstvena organizacija proglasila je 10. oktobar Svjetskim danom mentalnog zdravlja. Obilje\u017eava se svake godine, a cilj mu je podizanje svijesti o problemima mentalnog zdravlja \u0161irom svijeta kao i podsticanje na ulaganje u sistem podr\u0161ke mentalnom zdravlju.<\/p>\n\n\n\n<p>Upravo 10. oktobar ove godine bio je povod za organizovanje radionica i diksusija na teme koje se ti\u010du mentalnog zdravlja mladih. \u010clanovi na\u0161eg Budi Mu\u0161ko Kluba Banja Luka bili su doma\u0107ini svim mladim ljudima iz Banje Luke koji su po\u017eeljeli ne\u0161to vi\u0161e nau\u010diti o ovoj temi, ali i podijeliti sa drugima svoja iskustva.<\/p>\n\n\n\n<p>Kampanja &#8220;Jesi ok?&#8221; nastala je kao odgovor na potrebu mladih na internalizirane (poreme\u0107aji pretjerano kontrolisanog pona\u0161anja) i eksternalizirane probleme (poreme\u0107aji nedovoljno kontroliranog pona\u0161anja) kod mladih.<\/p>\n\n\n\n<p>Svakodnevno svjedo\u010dimo porastu problema mentalnog zdravlja, posebno me\u0111u mladima, te pote\u0161ko\u0107ama sa kojima se svakodnevno susre\u0107u na putu njihovog odrastanja. Pote\u0161ko\u0107e s mentalnim zdravljem koje se javljaju u ranijoj dobi mogu uticatii na kvalitet \u017eivota i u mla\u0111oj, te odrasloj dobi, ako se problemi mentalnog zdravlja ne prepoznaju na vrijeme i ne pru\u017ei potrebna stru\u010dna pomo\u0107. Saradnja i podr\u0161ka nu\u017ena je na nivou cijele zajednice, porodice i vr\u0161njaka, kao i pozitivnog \u0161kolskog okru\u017eenja.<\/p>\n\n\n\n<p>Nakon radionice &#8220;Agresivni, pasivni ili asertivni&#8221; koju su odr\u017eali na\u0161i vr\u0161nja\u010dki edukatori, uslijedila je diskusija i okrugli sto na temu: &#8220;\u0160ta to mlade ta\u010dno mu\u010di?&#8221;<\/p>\n\n\n\n<p>Programi &#8220;Perpetuum mobile \u2013 Instituta za razvoj mladih i zajednice&#8221; fokusirani su na mlade i na programe podr\u0161ke u razli\u010ditim oblastima.<\/p>\n\n\n\n<p>Aktivnosti su realizovane u okviru projekta Inicijativa mladi\u0107a II (YMI \u2013 Young Men Initiative): \u201cPromovisanje zdravijih \u017eivotnih stilova me\u0111u mladima u Bosni i Hercegovini osporavanjem rodnih stereotipa II\u201d i projekta: \u201cMu\u0161karci i dje\u010daci kao partneri u promovisanju rodne ravnopravnosti i rje\u0161avanju pitanja ekstremizma i nasilja mladih na Zapadnom Balkanu\u201d, koji je podr\u017eava Vlade \u0160vicarske, Oak Fondacija, Austrijska razvojna agencija i CARE International Balkans.<\/p>\n\n\n\n<p>Preuzeto sa: <a href=\"http:\/\/www.pm.rs.ba\/kampanjom-jesi-ok%cb%ae-obiljezen-medjunarodni-dan-mentalnog-zdravlja\/\" target=\"_blank\" rel=\"noreferrer noopener\" aria-label=\"Perpetuum mobile (opens in a new tab)\">Perpetuum mobile<\/a><\/p>\n","protected":false},"excerpt":{"rendered":"<p>Svjetska zdravstvena organizacija proglasila je 10. oktobar Svjetskim danom mentalnog zdravlja. Obilje\u017eava se svake godine, a cilj mu je podizanje<\/p>\n","protected":false},"author":1,"featured_media":3412,"comment_status":"closed","ping_status":"open","sticky":false,"template":"","format":"standard","meta":{"om_disable_all_campaigns":false,"_monsterinsights_skip_tracking":false,"_monsterinsights_sitenote_active":false,"_monsterinsights_sitenote_note":"","_monsterinsights_sitenote_category":0,"footnotes":""},"categories":[449],"tags":[1599,1016,1600,1601],"class_list":["post-3411","post","type-post","status-publish","format-standard","has-post-thumbnail","hentry","category-organizacije","tag-jesi-ok","tag-kampanja","tag-medunarodni-dan","tag-mentalno-zdravlje"],"jetpack_featured_media_url":"https:\/\/www.mladibl.com\/wp-content\/uploads\/2020\/10\/Kampanjom-Jesi-ok-obilje\u017een-Me\u0111unarodni-dan-mentalnog-zdravlja-1.jpg","amp_enabled":true,"_links":{"self":[{"href":"https:\/\/www.mladibl.com\/index.php?rest_route=\/wp\/v2\/posts\/3411","targetHints":{"allow":["GET"]}}],"collection":[{"href":"https:\/\/www.mladibl.com\/index.php?rest_route=\/wp\/v2\/posts"}],"about":[{"href":"https:\/\/www.mladibl.com\/index.php?rest_route=\/wp\/v2\/types\/post"}],"author":[{"embeddable":true,"href":"https:\/\/www.mladibl.com\/index.php?rest_route=\/wp\/v2\/users\/1"}],"replies":[{"embeddable":true,"href":"https:\/\/www.mladibl.com\/index.php?rest_route=%2Fwp%2Fv2%2Fcomments&post=3411"}],"version-history":[{"count":1,"href":"https:\/\/www.mladibl.com\/index.php?rest_route=\/wp\/v2\/posts\/3411\/revisions"}],"predecessor-version":[{"id":3413,"href":"https:\/\/www.mladibl.com\/index.php?rest_route=\/wp\/v2\/posts\/3411\/revisions\/3413"}],"wp:featuredmedia":[{"embeddable":true,"href":"https:\/\/www.mladibl.com\/index.php?rest_route=\/wp\/v2\/media\/3412"}],"wp:attachment":[{"href":"https:\/\/www.mladibl.com\/index.php?rest_route=%2Fwp%2Fv2%2Fmedia&parent=3411"}],"wp:term":[{"taxonomy":"category","embeddable":true,"href":"https:\/\/www.mladibl.com\/index.php?rest_route=%2Fwp%2Fv2%2Fcategories&post=3411"},{"taxonomy":"post_tag","embeddable":true,"href":"https:\/\/www.mladibl.com\/index.php?rest_route=%2Fwp%2Fv2%2Ftags&post=3411"}],"curies":[{"name":"wp","href":"https:\/\/api.w.org\/{rel}","templated":true}]}}