{"id":3399,"date":"2020-10-15T14:50:57","date_gmt":"2020-10-15T12:50:57","guid":{"rendered":"http:\/\/www.mladibl.com\/?p=3399"},"modified":"2020-10-15T14:50:59","modified_gmt":"2020-10-15T12:50:59","slug":"podrska-borbi-protiv-trgovine-djecom","status":"publish","type":"post","link":"https:\/\/www.mladibl.com\/?p=3399","title":{"rendered":"Podr\u0161ka borbi protiv trgovine djecom"},"content":{"rendered":"\n<p>\u200bU okviru Zajedni\u010dkog programa Evropske unije i Savjeta Evrope Horizontal Facility II objavljen je Poziv za dostavljanje prijava \u201eKampanja za podizanje svijesti o trgovini djecom u BiH&#8221;. Rok za dostavljanje prijava je 30. oktobar 2020. godine.<\/p>\n\n\n\n<p>Cilj Poziva je podr\u0161ka projektima koji su usmjereni na podizanje svijesti \u0161ire javnosti, posebno djece, roditelja, uklju\u010duju\u0107i one iz zaostalih zajednica, dje\u010dije za\u0161tite, zdravstvenih i obrazovnih radnika o trgovini djecom.<\/p>\n\n\n\n<p>Prijave mogu podnijeti nevladine organizacije registrovane u BiH, koje su najmanje 2 godine aktivne na polju sprje\u010davanja i suzbijanja trgovine ljudima, za\u0161tite djece od nasilja i za\u0161tite ljudskih prava.<\/p>\n\n\n\n<p>Bud\u017eet predmetnog poziva iznosi 30 000 evra.<\/p>\n\n\n\n<p>Detaljne informacije o pozivu dostupne su <strong><a href=\"https:\/\/pjp-eu.coe.int\/en\/web\/horizontal-facility\/news\/-\/asset_publisher\/bty4yBhLu21t\/content\/call-for-proposals-awareness-raising-campaign-on-trafficking-in-children-in-bosnia-and-herzegovina?_101_INSTANCE_bty4yBhLu21t_viewMode=view\/\" target=\"_blank\" rel=\"noreferrer noopener\" aria-label=\"OVDJE (opens in a new tab)\">OVDJE<\/a><\/strong>.<\/p>\n\n\n\n<p>Horizontal Facility II je inicijativa za saradnju koju finansira Evropska unija i Savjet Evrope \u010diji je cilj pru\u017eanje pomo\u0107i institucijama zemalja Jugoisto\u010dne Evrope da se usklade sa standardima Savjeta Evrope i pravnom tekovinom Evropske unije u okviru procesa pro\u0161irenja. Teme obuhva\u0107ene inicijativom:<\/p>\n\n\n\n<ul class=\"wp-block-list\"><li>Obezbje\u0111enje pravde;<\/li><li>Borba protiv ekonomskog kriminala;<\/li><li>Borba protiv diskriminacije i za\u0161tita prava ranjivih grupa i<\/li><li>Sloboda izra\u017eavanja i sloboda medija.<\/li><\/ul>\n\n\n\n<p>Preuzeto sa: <a href=\"https:\/\/vladars.net\/sr-SP-Cyrl\/Vlada\/Ministarstva\/meoi\/media\/Vijesti\/Pages\/%D0%9F%D0%BE%D0%B4%D1%80%D1%88%D0%BA%D0%B0-%D0%B1%D0%BE%D1%80%D0%B1%D0%B8-%D0%BF%D1%80%D0%BE%D1%82%D0%B8%D0%B2-%D1%82%D1%80%D0%B3%D0%BE%D0%B2%D0%B8%D0%BD%D0%B5-%D0%B4%D1%98%D0%B5%D1%86%D0%BE%D0%BC.aspx\" target=\"_blank\" rel=\"noreferrer noopener\" aria-label=\"Ministarstvo za evropske integracije i me\u0111unarodnu saradnju (opens in a new tab)\">Ministarstvo za evropske integracije i me\u0111unarodnu saradnju<\/a><\/p>\n","protected":false},"excerpt":{"rendered":"<p>\u200bU okviru Zajedni\u010dkog programa Evropske unije i Savjeta Evrope Horizontal Facility II objavljen je Poziv za dostavljanje prijava \u201eKampanja za<\/p>\n","protected":false},"author":1,"featured_media":3400,"comment_status":"closed","ping_status":"open","sticky":false,"template":"","format":"standard","meta":{"om_disable_all_campaigns":false,"_monsterinsights_skip_tracking":false,"_monsterinsights_sitenote_active":false,"_monsterinsights_sitenote_note":"","_monsterinsights_sitenote_category":0,"footnotes":""},"categories":[7],"tags":[1592,491,526,1593],"class_list":["post-3399","post","type-post","status-publish","format-standard","has-post-thumbnail","hentry","category-grantovi","tag-borba","tag-grantovi","tag-podrska","tag-trgovina-djecom"],"jetpack_featured_media_url":"https:\/\/www.mladibl.com\/wp-content\/uploads\/2020\/10\/Podr\u0161ka-borbi-protiv-trgovine-djecom.jpg","amp_enabled":true,"_links":{"self":[{"href":"https:\/\/www.mladibl.com\/index.php?rest_route=\/wp\/v2\/posts\/3399","targetHints":{"allow":["GET"]}}],"collection":[{"href":"https:\/\/www.mladibl.com\/index.php?rest_route=\/wp\/v2\/posts"}],"about":[{"href":"https:\/\/www.mladibl.com\/index.php?rest_route=\/wp\/v2\/types\/post"}],"author":[{"embeddable":true,"href":"https:\/\/www.mladibl.com\/index.php?rest_route=\/wp\/v2\/users\/1"}],"replies":[{"embeddable":true,"href":"https:\/\/www.mladibl.com\/index.php?rest_route=%2Fwp%2Fv2%2Fcomments&post=3399"}],"version-history":[{"count":1,"href":"https:\/\/www.mladibl.com\/index.php?rest_route=\/wp\/v2\/posts\/3399\/revisions"}],"predecessor-version":[{"id":3401,"href":"https:\/\/www.mladibl.com\/index.php?rest_route=\/wp\/v2\/posts\/3399\/revisions\/3401"}],"wp:featuredmedia":[{"embeddable":true,"href":"https:\/\/www.mladibl.com\/index.php?rest_route=\/wp\/v2\/media\/3400"}],"wp:attachment":[{"href":"https:\/\/www.mladibl.com\/index.php?rest_route=%2Fwp%2Fv2%2Fmedia&parent=3399"}],"wp:term":[{"taxonomy":"category","embeddable":true,"href":"https:\/\/www.mladibl.com\/index.php?rest_route=%2Fwp%2Fv2%2Fcategories&post=3399"},{"taxonomy":"post_tag","embeddable":true,"href":"https:\/\/www.mladibl.com\/index.php?rest_route=%2Fwp%2Fv2%2Ftags&post=3399"}],"curies":[{"name":"wp","href":"https:\/\/api.w.org\/{rel}","templated":true}]}}