{"id":33983,"date":"2023-09-14T23:26:45","date_gmt":"2023-09-14T21:26:45","guid":{"rendered":"https:\/\/www.mladibl.com\/?p=33983"},"modified":"2023-09-14T23:26:47","modified_gmt":"2023-09-14T21:26:47","slug":"osmu-godinu-zaredom-u-nedjelju-4cross-trka-dajak-camaca-na-plazi-na-zelenog-mosta","status":"publish","type":"post","link":"https:\/\/www.mladibl.com\/?p=33983","title":{"rendered":"Osmu godinu zaredom: U nedjelju \u201e4Cross trka\u201c dajak \u010damaca na pla\u017ei na Zelenog mosta"},"content":{"rendered":"\n<p>Osmu godinu po redu takmi\u010denje dajaka\u0161a u \u201e4Cross trci\u201c bi\u0107e odr\u017eano u nedjelju, 17. septembra.<\/p>\n\n\n\n<p>Kako su naveli organzatori Dajak klub Banja Luka, kao i svake godine \u2013 \u010detiri takmi\u010dara \u0107e startovati u isto vrijeme, te \u0107e se trkati na kratkoj dionici.<\/p>\n\n\n\n<p>-Pobjednik i drugoplasirani iz svake vo\u017enje prolaze u naredni krug takmi\u010denja, te tako sve do finala \u2013 poru\u010duju organizatori.<\/p>\n\n\n\n<p>Organizatori napominju da je mjesto odr\u017eavanja trke pla\u017ea kod Zelenog mosta, a start je predvi\u0111en u 14.00 \u010dasova i dodjela medalja u 16.00 \u010dasova.<\/p>\n\n\n\n<p>Preuzeto sa: <a href=\"https:\/\/www.banjaluka.rs.ba\/u-nedjelju-4cross-trka-dajak-camaca-na-plazi-kod-zelenog-mosta-2\/\" data-type=\"link\" data-id=\"https:\/\/www.banjaluka.rs.ba\/u-nedjelju-4cross-trka-dajak-camaca-na-plazi-kod-zelenog-mosta-2\/\" target=\"_blank\" rel=\"noreferrer noopener\">Grad Banja Luka<\/a><\/p>\n","protected":false},"excerpt":{"rendered":"<p>Osmu godinu po redu takmi\u010denje dajaka\u0161a u \u201e4Cross trci\u201c bi\u0107e odr\u017eano u nedjelju, 17. septembra. Kako su naveli organzatori Dajak<\/p>\n","protected":false},"author":1,"featured_media":33997,"comment_status":"closed","ping_status":"open","sticky":false,"template":"","format":"standard","meta":{"om_disable_all_campaigns":false,"_monsterinsights_skip_tracking":false,"_monsterinsights_sitenote_active":false,"_monsterinsights_sitenote_note":"","_monsterinsights_sitenote_category":0,"footnotes":""},"categories":[2],"tags":[9324,9142,3877],"class_list":["post-33983","post","type-post","status-publish","format-standard","has-post-thumbnail","hentry","category-vijesti","tag-4cross-trka","tag-camci","tag-dajak"],"jetpack_featured_media_url":"https:\/\/www.mladibl.com\/wp-content\/uploads\/2023\/09\/Osmu-godinu-zaredom_-U-nedjelju-\u201e4Cross-trka-dajak-camaca-na-plazi-na-Zelenog-mosta.jpg","amp_enabled":true,"_links":{"self":[{"href":"https:\/\/www.mladibl.com\/index.php?rest_route=\/wp\/v2\/posts\/33983","targetHints":{"allow":["GET"]}}],"collection":[{"href":"https:\/\/www.mladibl.com\/index.php?rest_route=\/wp\/v2\/posts"}],"about":[{"href":"https:\/\/www.mladibl.com\/index.php?rest_route=\/wp\/v2\/types\/post"}],"author":[{"embeddable":true,"href":"https:\/\/www.mladibl.com\/index.php?rest_route=\/wp\/v2\/users\/1"}],"replies":[{"embeddable":true,"href":"https:\/\/www.mladibl.com\/index.php?rest_route=%2Fwp%2Fv2%2Fcomments&post=33983"}],"version-history":[{"count":1,"href":"https:\/\/www.mladibl.com\/index.php?rest_route=\/wp\/v2\/posts\/33983\/revisions"}],"predecessor-version":[{"id":33998,"href":"https:\/\/www.mladibl.com\/index.php?rest_route=\/wp\/v2\/posts\/33983\/revisions\/33998"}],"wp:featuredmedia":[{"embeddable":true,"href":"https:\/\/www.mladibl.com\/index.php?rest_route=\/wp\/v2\/media\/33997"}],"wp:attachment":[{"href":"https:\/\/www.mladibl.com\/index.php?rest_route=%2Fwp%2Fv2%2Fmedia&parent=33983"}],"wp:term":[{"taxonomy":"category","embeddable":true,"href":"https:\/\/www.mladibl.com\/index.php?rest_route=%2Fwp%2Fv2%2Fcategories&post=33983"},{"taxonomy":"post_tag","embeddable":true,"href":"https:\/\/www.mladibl.com\/index.php?rest_route=%2Fwp%2Fv2%2Ftags&post=33983"}],"curies":[{"name":"wp","href":"https:\/\/api.w.org\/{rel}","templated":true}]}}