{"id":3396,"date":"2020-10-15T14:46:27","date_gmt":"2020-10-15T12:46:27","guid":{"rendered":"http:\/\/www.mladibl.com\/?p=3396"},"modified":"2020-10-15T14:46:30","modified_gmt":"2020-10-15T12:46:30","slug":"dostavite-prijedloge-za-kalendare-kulturnih-i-turistickih-manifestacija-2","status":"publish","type":"post","link":"https:\/\/www.mladibl.com\/?p=3396","title":{"rendered":"Dostavite prijedloge za kalendare kulturnih i turisti\u010dkih manifestacija"},"content":{"rendered":"\n<p>Odjeljenje za kulturu, turizam i socijalnu politiku uputilo je danas dva poziva, i to za dostavljanje prijedloga za Kalendar kulturnih manifestacija i za Kalendar turisti\u010dkih manifestacija grada Banje Luke za 2021. godinu.<\/p>\n\n\n\n<p>-U cilju pra\u0107enja kulturnih i turisti\u010dkih aktivnosti i planskog pristupa u organizaciji manifestacija u gradu Banjoj Luci u narednoj 2021. godini, upu\u0107en je poziv svim zainteresovanim subjektima da nam dostave program manifestacije za kalendare \u2013 kazali su iz odjeljenja.<\/p>\n\n\n\n<p>Prijave za oba kalendara potrebno je dostaviti odjeljenju putem Prijemne kancelarije, do 5. novembra, i to na popunjenom zahtjevu i obrascu, koji se mogu preuzeti sa zvani\u010dne internet stranice grada.<\/p>\n\n\n\n<p>Ovom prilikom, iz resornog odjeljenja pozivaju udru\u017eenja gra\u0111ana, pravna lica, odnosno organizatore kulturnih i turisti\u010dkih manifestacija, da podnesu prijedlog manifestacije za kalendare za idu\u0107u godinu.<\/p>\n\n\n\n<p>Prijave za Kalendar kulturnih manifestacija<\/p>\n\n\n\n<ul class=\"wp-block-list\"><li><strong><a rel=\"noreferrer noopener\" aria-label=\"Poziv (opens in a new tab)\" href=\"http:\/\/www.banjaluka.rs.ba\/wp-content\/uploads\/2020\/10\/obavjestenje-kalendar.pdf\" target=\"_blank\">Poziv<\/a><\/strong><\/li><li><strong><a rel=\"noreferrer noopener\" aria-label=\"Obrazac (opens in a new tab)\" href=\"http:\/\/www.banjaluka.rs.ba\/wp-content\/uploads\/2020\/10\/GUBL.docx\" target=\"_blank\">Obrazac<\/a><\/strong><\/li><li><strong><a rel=\"noreferrer noopener\" aria-label=\"Obrazac-prilog (opens in a new tab)\" href=\"http:\/\/www.banjaluka.rs.ba\/wp-content\/uploads\/2020\/10\/OBRAZAC.doc\" target=\"_blank\">Obrazac-prilog<\/a><\/strong><\/li><li><strong><a href=\"http:\/\/www.banjaluka.rs.ba\/wp-content\/uploads\/2020\/10\/kriterijumi.pdf\" target=\"_blank\" rel=\"noreferrer noopener\" aria-label=\"Kriterijumi (opens in a new tab)\">Kriterijumi<\/a><\/strong><\/li><\/ul>\n\n\n\n<p>Prijave za Kalendar turisti\u010dkih manifestacija<\/p>\n\n\n\n<ul class=\"wp-block-list\"><li><strong><a rel=\"noreferrer noopener\" aria-label=\"Poziv (opens in a new tab)\" href=\"http:\/\/www.banjaluka.rs.ba\/wp-content\/uploads\/2020\/10\/Obavjestenje-za-prijavu-za-Kalendar-turisti%C4%8Dkih-manifestacija-grada-Banja-Luka-za-2020.-godinu.pdf\" target=\"_blank\">Poziv<\/a><\/strong><\/li><li><strong><a rel=\"noreferrer noopener\" aria-label=\"Obrazac (opens in a new tab)\" href=\"http:\/\/www.banjaluka.rs.ba\/wp-content\/uploads\/2020\/10\/GUBL-OB-11-07.docx\" target=\"_blank\">Obrazac<\/a><\/strong><\/li><li><strong><a rel=\"noreferrer noopener\" aria-label=\"Obrazac-prilog (opens in a new tab)\" href=\"http:\/\/www.banjaluka.rs.ba\/wp-content\/uploads\/2020\/10\/OBRAZAC-prilog-uz-11-07.doc\" target=\"_blank\">Obrazac-prilog<\/a><\/strong><\/li><li><strong><a href=\"http:\/\/www.banjaluka.rs.ba\/wp-content\/uploads\/2020\/10\/KRITERIJUMI.pdf\" target=\"_blank\" rel=\"noreferrer noopener\" aria-label=\"Kriterijumi (opens in a new tab)\">Kriterijumi<\/a><\/strong><\/li><\/ul>\n\n\n\n<p>Preuzeto sa: <a href=\"http:\/\/www.banjaluka.rs.ba\/%d0%b4%d0%be%d1%81%d1%82%d0%b0%d0%b2%d0%b8%d1%82%d0%b5-%d0%bf%d1%80%d0%b8%d1%98%d0%b5%d0%b4%d0%bb%d0%be%d0%b3%d0%b5-%d0%b7%d0%b0-%d0%ba%d0%b0%d0%bb%d0%b5%d0%bd%d0%b4%d0%b0%d1%80%d0%b5-%d0%ba%d1%83-2\/\" target=\"_blank\" rel=\"noreferrer noopener\" aria-label=\"Grad Banja Luka (opens in a new tab)\">Grad Banja Luka<\/a><\/p>\n","protected":false},"excerpt":{"rendered":"<p>Odjeljenje za kulturu, turizam i socijalnu politiku uputilo je danas dva poziva, i to za dostavljanje prijedloga za Kalendar kulturnih<\/p>\n","protected":false},"author":1,"featured_media":3397,"comment_status":"closed","ping_status":"open","sticky":false,"template":"","format":"standard","meta":{"om_disable_all_campaigns":false,"_monsterinsights_skip_tracking":false,"_monsterinsights_sitenote_active":false,"_monsterinsights_sitenote_note":"","_monsterinsights_sitenote_category":0,"footnotes":""},"categories":[2],"tags":[27,1588,1589,1587,1590],"class_list":["post-3396","post","type-post","status-publish","format-standard","has-post-thumbnail","hentry","category-vijesti","tag-grad-banja-luka","tag-kalendar","tag-kulturne-manifestacije","tag-prijedlozi","tag-turisticke-manifestacije"],"jetpack_featured_media_url":"https:\/\/www.mladibl.com\/wp-content\/uploads\/2020\/10\/Dostavite-prijedloge-za-kalendare-kulturnih-i-turisti\u010dkih-manifestacija-1.jpg","amp_enabled":true,"_links":{"self":[{"href":"https:\/\/www.mladibl.com\/index.php?rest_route=\/wp\/v2\/posts\/3396","targetHints":{"allow":["GET"]}}],"collection":[{"href":"https:\/\/www.mladibl.com\/index.php?rest_route=\/wp\/v2\/posts"}],"about":[{"href":"https:\/\/www.mladibl.com\/index.php?rest_route=\/wp\/v2\/types\/post"}],"author":[{"embeddable":true,"href":"https:\/\/www.mladibl.com\/index.php?rest_route=\/wp\/v2\/users\/1"}],"replies":[{"embeddable":true,"href":"https:\/\/www.mladibl.com\/index.php?rest_route=%2Fwp%2Fv2%2Fcomments&post=3396"}],"version-history":[{"count":1,"href":"https:\/\/www.mladibl.com\/index.php?rest_route=\/wp\/v2\/posts\/3396\/revisions"}],"predecessor-version":[{"id":3398,"href":"https:\/\/www.mladibl.com\/index.php?rest_route=\/wp\/v2\/posts\/3396\/revisions\/3398"}],"wp:featuredmedia":[{"embeddable":true,"href":"https:\/\/www.mladibl.com\/index.php?rest_route=\/wp\/v2\/media\/3397"}],"wp:attachment":[{"href":"https:\/\/www.mladibl.com\/index.php?rest_route=%2Fwp%2Fv2%2Fmedia&parent=3396"}],"wp:term":[{"taxonomy":"category","embeddable":true,"href":"https:\/\/www.mladibl.com\/index.php?rest_route=%2Fwp%2Fv2%2Fcategories&post=3396"},{"taxonomy":"post_tag","embeddable":true,"href":"https:\/\/www.mladibl.com\/index.php?rest_route=%2Fwp%2Fv2%2Ftags&post=3396"}],"curies":[{"name":"wp","href":"https:\/\/api.w.org\/{rel}","templated":true}]}}