{"id":3392,"date":"2020-10-15T14:32:15","date_gmt":"2020-10-15T12:32:15","guid":{"rendered":"http:\/\/www.mladibl.com\/?p=3392"},"modified":"2020-10-15T14:34:25","modified_gmt":"2020-10-15T12:34:25","slug":"banja-luka-dio-evropske-inicijative-poziv-za-prosirenje-liste-klimatskih-i-energetskih-ciljeva-eu","status":"publish","type":"post","link":"https:\/\/www.mladibl.com\/?p=3392","title":{"rendered":"Banja Luka dio evropske inicijative: Poziv za pro\u0161irenje liste klimatskih i energetskih ciljeva EU"},"content":{"rendered":"\n<p>Gradona\u010delnici 58 gradova iz cijele Evrope, me\u0111u kojima i Banja Luka, danas su pozvali na pro\u0161irenje liste klimatskih i energetskih ciljeva EU do 2030. godine na najmanje 55% pravno obavezuju\u0107ih na nivou dr\u017eava \u010dlanica, do 65% uz odgovaraju\u0107u podr\u0161ku u pore\u0111enju sa nivoima iz 1990. godine, kao i da se finansiranje EU usmjeri na zeleni i pravedni oporavak u gradovima.<\/p>\n\n\n\n<p>Kako se isti\u010de u saop\u0161tenju Asocijacije evropskih gradova <strong><a href=\"http:\/\/www.eurocities.eu\/\" target=\"_blank\" rel=\"noreferrer noopener\" aria-label=\"EUROCITIES (opens in a new tab)\">EUROCITIES<\/a><\/strong>, pokreta\u010da ove inicijative \u2013 poziv je uslijedio nakon glasanja Evropskog parlamenta 7. oktobra u korist cilja od 60% do 2030. godine, a uo\u010di sastanka Savjeta Evrope, koji danas po\u010dinje u Briselu.<\/p>\n\n\n\n<p>U otvorenom pismu njema\u010dkoj kancelarki Angeli Merkel, u ulozi predsjednice Savjeta EU i predsjedniku Savjeta Evrope \u0160arlu Mi\u0161elu, gradona\u010delnici opisuju pro\u0161irene ciljeve kao \u201eprirodnu prekretnicu na putu ka klimatski neutralnom kontinentu do 2050. godine, kao \u0161to je Savjet dogovorio pro\u0161le godine\u201d.<\/p>\n\n\n\n<p>Gradovi \u010dine kriti\u010dni dio \u201eEvropskog zelenog sporazuma\u201c, ali ne mogu djelovati sami. \u201e\u2026 zato vas molimo da iskoristite politike EU za finansiranje i oporavak kako biste podr\u017eali vode\u0107e gradove u ostvarenju njihovog dijela ovog zajedni\u010dkog cilja sa jo\u0161 ve\u0107im ciljem smanjenja od 65%. Ne\u0107emo mo\u0107i otklju\u010dati potencijal evropskih gradova bez ambicioznog okvira politike EU \u201c, dodaje se u pismu.<\/p>\n\n\n\n<p>Gradona\u010delnici, koji predstavljaju milione stanovnika gradova \u0161irom Evrope, tako\u0111e pozivaju na:<\/p>\n\n\n\n<p>Zna\u010dajna ulaganja u javni prevoz, zelenu infrastrukturu i obnove zgrada kako bi se omogu\u0107ila tranzicija u gradovima. Plan EU za oporavak mora biti izra\u0111en tako da ispuni najvi\u0161e politi\u010dke ambicije za smanjenjem emisija;<\/p>\n\n\n\n<p>Finansiranje i podr\u0161ka EU treba da se usmjeri tamo gdje je najpotrebnije \u2013 evropskim gradovima \u2013 za ja\u010danje transformacijske snage urbanih podru\u010dja za zeleni i pravedni oporavak;<\/p>\n\n\n\n<p>Finansiranje oporavak za sektore koji tro\u0161e fosilna goriva treba da bude uslovljeno jasnim obavezama u pogledu dekarbonizacije<\/p>\n\n\n\n<p>Usvajanjem ovih mjera, zaklju\u010duje se u pismu, \u201eposla\u0107ete jasan signal da Evropa zna\u010di poslovanje na zelenom oporavku i podr\u017eava sna\u017ene klimatske akcije uo\u010di <strong><a href=\"https:\/\/www.ukcop26.org\/\" target=\"_blank\" rel=\"noreferrer noopener\" aria-label=\"COP26 (opens in a new tab)\">COP26<\/a><\/strong>.\u201c<\/p>\n\n\n\n<p>Preuzeto sa: <a href=\"http:\/\/www.banjaluka.rs.ba\/%d0%b1%d0%b0%d1%9a%d0%b0-%d0%bb%d1%83%d0%ba%d0%b0-%d0%b4%d0%b8%d0%be-%d0%b5%d0%b2%d1%80%d0%be%d0%bf%d1%81%d0%ba%d0%b5-%d0%b8%d0%bd%d0%b8%d1%86%d0%b8%d1%98%d0%b0%d1%82%d0%b8%d0%b2%d0%b5-%d0%bf%d0%be\/\" target=\"_blank\" rel=\"noreferrer noopener\" aria-label=\"Grad Banja Luka (opens in a new tab)\">Grad Banja Luka<\/a><\/p>\n","protected":false},"excerpt":{"rendered":"<p>Gradona\u010delnici 58 gradova iz cijele Evrope, me\u0111u kojima i Banja Luka, danas su pozvali na pro\u0161irenje liste klimatskih i energetskih<\/p>\n","protected":false},"author":1,"featured_media":3395,"comment_status":"closed","ping_status":"open","sticky":false,"template":"","format":"standard","meta":{"om_disable_all_campaigns":false,"_monsterinsights_skip_tracking":false,"_monsterinsights_sitenote_active":false,"_monsterinsights_sitenote_note":"","_monsterinsights_sitenote_category":0,"footnotes":""},"categories":[2],"tags":[1585,1061,27,1586],"class_list":["post-3392","post","type-post","status-publish","format-standard","has-post-thumbnail","hentry","category-vijesti","tag-evropska-inicijativa","tag-evropska-unija","tag-grad-banja-luka","tag-klimatski-i-energetski-ciljevi"],"jetpack_featured_media_url":"https:\/\/www.mladibl.com\/wp-content\/uploads\/2020\/10\/cop26.jpg","amp_enabled":true,"_links":{"self":[{"href":"https:\/\/www.mladibl.com\/index.php?rest_route=\/wp\/v2\/posts\/3392","targetHints":{"allow":["GET"]}}],"collection":[{"href":"https:\/\/www.mladibl.com\/index.php?rest_route=\/wp\/v2\/posts"}],"about":[{"href":"https:\/\/www.mladibl.com\/index.php?rest_route=\/wp\/v2\/types\/post"}],"author":[{"embeddable":true,"href":"https:\/\/www.mladibl.com\/index.php?rest_route=\/wp\/v2\/users\/1"}],"replies":[{"embeddable":true,"href":"https:\/\/www.mladibl.com\/index.php?rest_route=%2Fwp%2Fv2%2Fcomments&post=3392"}],"version-history":[{"count":1,"href":"https:\/\/www.mladibl.com\/index.php?rest_route=\/wp\/v2\/posts\/3392\/revisions"}],"predecessor-version":[{"id":3394,"href":"https:\/\/www.mladibl.com\/index.php?rest_route=\/wp\/v2\/posts\/3392\/revisions\/3394"}],"wp:featuredmedia":[{"embeddable":true,"href":"https:\/\/www.mladibl.com\/index.php?rest_route=\/wp\/v2\/media\/3395"}],"wp:attachment":[{"href":"https:\/\/www.mladibl.com\/index.php?rest_route=%2Fwp%2Fv2%2Fmedia&parent=3392"}],"wp:term":[{"taxonomy":"category","embeddable":true,"href":"https:\/\/www.mladibl.com\/index.php?rest_route=%2Fwp%2Fv2%2Fcategories&post=3392"},{"taxonomy":"post_tag","embeddable":true,"href":"https:\/\/www.mladibl.com\/index.php?rest_route=%2Fwp%2Fv2%2Ftags&post=3392"}],"curies":[{"name":"wp","href":"https:\/\/api.w.org\/{rel}","templated":true}]}}