{"id":3389,"date":"2020-10-15T14:29:07","date_gmt":"2020-10-15T12:29:07","guid":{"rendered":"http:\/\/www.mladibl.com\/?p=3389"},"modified":"2020-10-15T14:29:09","modified_gmt":"2020-10-15T12:29:09","slug":"dani-domacih-proizvoda-od-15-oktobra-kod-krajiske-kuce","status":"publish","type":"post","link":"https:\/\/www.mladibl.com\/?p=3389","title":{"rendered":"\u201eDani doma\u0107ih proizvoda\u201c od 15. oktobra kod \u201eKraji\u0161ke ku\u0107e\u201c"},"content":{"rendered":"\n<p>Manifestacija \u201eDani doma\u0107ih proizvoda \u2013 Banja Luka 2020\u201d, bi\u0107e sve\u010dano otvorena u \u010detvrtak 15. oktobra u 15.00 \u010dasova, na platou ispred \u201cKraji\u0161ke ku\u0107e\u201d, najavljeno je iz Centra za razvoj poljoprivrede i sela.<\/p>\n\n\n\n<p>Ovu manifestaciju organizujemo sa ciljem promocije doma\u0107ih autenti\u010dnih poljoprivrednih proizvoda i podsticanja razvoja doma\u0107e poljoprivredne proizvodnje. Svakog \u010detvrtka i petka, od 15. oktobra do 13. novembra, u periodu od 15.00 do 18.00 \u010dasova, na platou ispred \u201cKraji\u0161ke ku\u0107e\u201d \u0107e se predstavljati doma\u0107i poljoprivredni proizvo\u0111a\u010di, gdje \u0107e gra\u0111ani imati priliku da degustiraju i po sajamskim cijenama kupe doma\u0107e proizvode \u2013 ka\u017eu u Centru za razvoj poljoprivrede i sela.<\/p>\n\n\n\n<p>U okviru \u201cDana doma\u0107ih proizvoda\u201c bi\u0107e organizovani tematski doga\u0111aji:<\/p>\n\n\n\n<ul class=\"wp-block-list\"><li>\u201cSlatki dani\u201d \u2013 dani meda, prirodnih sokova, likera i slatkih prera\u0111evina \u2013 15. i 16. oktobar;<\/li><li>\u201cGurmanski dani\u201d \u2013 dani doma\u0107ih delicija (suhomesnati proizvodi, sir, doma\u0107i sosovi, namazi, zimnica, pivo) \u2013 22. i 23. oktobar;<\/li><li>\u201cDani zdravog \u017eivota\u201d \u2013 dani zdrave ishrane i prirodne kozmetike u slu\u017ebi ljepote i zdravlja \u2013 29. i 30. oktobar;<\/li><li>Dani vina, rakije i tradicionalnih jela \u2013 5. i 6. novembar;<\/li><li>Dani hercegova\u010dkih i semberskih proizvoda \u2013 12. i 13. novembar.<\/li><\/ul>\n\n\n\n<p>Preuzeto sa: <a href=\"http:\/\/www.banjaluka.rs.ba\/%d0%b4%d0%b0%d0%bd%d0%b8-%d0%b4%d0%be%d0%bc%d0%b0%d1%9b%d0%b8%d1%85-%d0%bf%d1%80%d0%be%d0%b8%d0%b7%d0%b2%d0%be%d0%b4%d0%b0-%d0%be%d0%b4-15-%d0%be%d0%ba%d1%82%d0%be%d0%b1%d1%80%d0%b0\/\" target=\"_blank\" rel=\"noreferrer noopener\" aria-label=\"Grad Banja Luka (opens in a new tab)\">Grad Banja Luka<\/a><\/p>\n","protected":false},"excerpt":{"rendered":"<p>Manifestacija \u201eDani doma\u0107ih proizvoda \u2013 Banja Luka 2020\u201d, bi\u0107e sve\u010dano otvorena u \u010detvrtak 15. oktobra u 15.00 \u010dasova, na platou<\/p>\n","protected":false},"author":1,"featured_media":3390,"comment_status":"closed","ping_status":"open","sticky":false,"template":"","format":"standard","meta":{"om_disable_all_campaigns":false,"_monsterinsights_skip_tracking":false,"_monsterinsights_sitenote_active":false,"_monsterinsights_sitenote_note":"","_monsterinsights_sitenote_category":0,"footnotes":""},"categories":[2],"tags":[53,1584,553],"class_list":["post-3389","post","type-post","status-publish","format-standard","has-post-thumbnail","hentry","category-vijesti","tag-banja-luka","tag-dani-domacih-proizvoda","tag-krajiska-kuca"],"jetpack_featured_media_url":"https:\/\/www.mladibl.com\/wp-content\/uploads\/2020\/10\/\u201eDani-doma\u0107ih-proizvoda\u201c-od-15.-oktobra-kod-\u201eKraji\u0161ke-ku\u0107e\u201c-1.jpg","amp_enabled":true,"_links":{"self":[{"href":"https:\/\/www.mladibl.com\/index.php?rest_route=\/wp\/v2\/posts\/3389","targetHints":{"allow":["GET"]}}],"collection":[{"href":"https:\/\/www.mladibl.com\/index.php?rest_route=\/wp\/v2\/posts"}],"about":[{"href":"https:\/\/www.mladibl.com\/index.php?rest_route=\/wp\/v2\/types\/post"}],"author":[{"embeddable":true,"href":"https:\/\/www.mladibl.com\/index.php?rest_route=\/wp\/v2\/users\/1"}],"replies":[{"embeddable":true,"href":"https:\/\/www.mladibl.com\/index.php?rest_route=%2Fwp%2Fv2%2Fcomments&post=3389"}],"version-history":[{"count":1,"href":"https:\/\/www.mladibl.com\/index.php?rest_route=\/wp\/v2\/posts\/3389\/revisions"}],"predecessor-version":[{"id":3391,"href":"https:\/\/www.mladibl.com\/index.php?rest_route=\/wp\/v2\/posts\/3389\/revisions\/3391"}],"wp:featuredmedia":[{"embeddable":true,"href":"https:\/\/www.mladibl.com\/index.php?rest_route=\/wp\/v2\/media\/3390"}],"wp:attachment":[{"href":"https:\/\/www.mladibl.com\/index.php?rest_route=%2Fwp%2Fv2%2Fmedia&parent=3389"}],"wp:term":[{"taxonomy":"category","embeddable":true,"href":"https:\/\/www.mladibl.com\/index.php?rest_route=%2Fwp%2Fv2%2Fcategories&post=3389"},{"taxonomy":"post_tag","embeddable":true,"href":"https:\/\/www.mladibl.com\/index.php?rest_route=%2Fwp%2Fv2%2Ftags&post=3389"}],"curies":[{"name":"wp","href":"https:\/\/api.w.org\/{rel}","templated":true}]}}