{"id":3386,"date":"2020-10-14T12:06:44","date_gmt":"2020-10-14T10:06:44","guid":{"rendered":"http:\/\/www.mladibl.com\/?p=3386"},"modified":"2020-10-14T12:06:47","modified_gmt":"2020-10-14T10:06:47","slug":"odrzana-radionica-medijacija-u-sukobu","status":"publish","type":"post","link":"https:\/\/www.mladibl.com\/?p=3386","title":{"rendered":"Odr\u017eana radionica \u201eMedijacija u sukobu\u201c"},"content":{"rendered":"\n<p>U Domu omladine Banja Luka sino\u0107 je odr\u017eana radionica \u201eMedijacija u sukobu\u201c gdje smo govorili o asertivnoj komunikaciji, te o samoj medijaciji.<\/p>\n\n\n\n<p>U\u010desnici su imali priliku da \u010duju i ne\u0161to vi\u0161e i o vje\u0161tinama koje omogu\u0107avaju kvalitetnu medijaciju, te na koji na\u010din se sukob mo\u017ee rije\u0161iti mirnim putem.<\/p>\n\n\n\n<p>U\u010desnici su kroz interaktivni rad dobili priliku da osmisle scenu sukoba i rje\u0161avanje sukoba.<\/p>\n\n\n\n<p>Cilj ove radionice bio je da u\u010desnike nau\u010dimo koliko je va\u017eno prihvatiti pravila, saslu\u0161ati problem te prona\u0107i rje\u0161enje.<\/p>\n\n\n\n<p>Radionicu su vodili Milo\u0161 Kova\u010devi\u0107 i Nata\u0161a Gavur, ispred na\u0161e organizacije.<\/p>\n\n\n\n<p>Preuzeto sa: <a href=\"http:\/\/www.cerebra-ngo.com\/?p=1108\" target=\"_blank\" rel=\"noreferrer noopener\" aria-label=\"CEREBRA NGO (opens in a new tab)\">CEREBRA NGO<\/a><\/p>\n","protected":false},"excerpt":{"rendered":"<p>U Domu omladine Banja Luka sino\u0107 je odr\u017eana radionica \u201eMedijacija u sukobu\u201c gdje smo govorili o asertivnoj komunikaciji, te o<\/p>\n","protected":false},"author":1,"featured_media":3387,"comment_status":"closed","ping_status":"open","sticky":false,"template":"","format":"standard","meta":{"om_disable_all_campaigns":false,"_monsterinsights_skip_tracking":false,"_monsterinsights_sitenote_active":false,"_monsterinsights_sitenote_note":"","_monsterinsights_sitenote_category":0,"footnotes":""},"categories":[449],"tags":[53,22,21,1583,23],"class_list":["post-3386","post","type-post","status-publish","format-standard","has-post-thumbnail","hentry","category-organizacije","tag-banja-luka","tag-cerebra","tag-dom-omladine","tag-medijacija-u-sukobu","tag-radionica"],"jetpack_featured_media_url":"https:\/\/www.mladibl.com\/wp-content\/uploads\/2020\/10\/radionica-medijacija-u-sukobu.jpg","amp_enabled":true,"_links":{"self":[{"href":"https:\/\/www.mladibl.com\/index.php?rest_route=\/wp\/v2\/posts\/3386","targetHints":{"allow":["GET"]}}],"collection":[{"href":"https:\/\/www.mladibl.com\/index.php?rest_route=\/wp\/v2\/posts"}],"about":[{"href":"https:\/\/www.mladibl.com\/index.php?rest_route=\/wp\/v2\/types\/post"}],"author":[{"embeddable":true,"href":"https:\/\/www.mladibl.com\/index.php?rest_route=\/wp\/v2\/users\/1"}],"replies":[{"embeddable":true,"href":"https:\/\/www.mladibl.com\/index.php?rest_route=%2Fwp%2Fv2%2Fcomments&post=3386"}],"version-history":[{"count":1,"href":"https:\/\/www.mladibl.com\/index.php?rest_route=\/wp\/v2\/posts\/3386\/revisions"}],"predecessor-version":[{"id":3388,"href":"https:\/\/www.mladibl.com\/index.php?rest_route=\/wp\/v2\/posts\/3386\/revisions\/3388"}],"wp:featuredmedia":[{"embeddable":true,"href":"https:\/\/www.mladibl.com\/index.php?rest_route=\/wp\/v2\/media\/3387"}],"wp:attachment":[{"href":"https:\/\/www.mladibl.com\/index.php?rest_route=%2Fwp%2Fv2%2Fmedia&parent=3386"}],"wp:term":[{"taxonomy":"category","embeddable":true,"href":"https:\/\/www.mladibl.com\/index.php?rest_route=%2Fwp%2Fv2%2Fcategories&post=3386"},{"taxonomy":"post_tag","embeddable":true,"href":"https:\/\/www.mladibl.com\/index.php?rest_route=%2Fwp%2Fv2%2Ftags&post=3386"}],"curies":[{"name":"wp","href":"https:\/\/api.w.org\/{rel}","templated":true}]}}