{"id":33832,"date":"2023-09-07T23:12:24","date_gmt":"2023-09-07T21:12:24","guid":{"rendered":"https:\/\/www.mladibl.com\/?p=33832"},"modified":"2023-09-07T23:31:56","modified_gmt":"2023-09-07T21:31:56","slug":"konferencija-iscon-2023","status":"publish","type":"post","link":"https:\/\/www.mladibl.com\/?p=33832","title":{"rendered":"Konferencija ISCon 2023"},"content":{"rendered":"\n<p>Nakon velikog uspjeha prve regionalne konferencije ISCon 2022 u organizaciji Saveza studenata Elektrotehni\u010dkog fakuleta i UG &#8220;AttendIT&#8221;, sa zadovoljstvom najavljujemo ISCon 2023 koji donosi jo\u0161 inspirativniji i bogatiji sadr\u017eaj.<\/p>\n\n\n\n<p>Banja Luka \u0107e u decembru biti u bojama ISCon-a koji se ove godine pro\u0161iruje na vi\u0161e lokacija u gradu, a prva od njih je Banski Dvor.<\/p>\n\n\n\n<p>\ud83c\udfa4 O\u010dekujte inspirativne govornike iz razli\u010ditih oblasti i vrhunske stru\u010dnjake koji \u0107e dijeliti svoje znanje i iskustvo.<\/p>\n\n\n\n<p>\ud83e\udd1d ISCon 2023 je savr\u0161eno mjesto za umre\u017eavanje, sticanje novih vje\u0161tina i razmjenu ideja sa ljudima iz cijelog regiona.<\/p>\n\n\n\n<p>Vrijeme odr\u017eavanja ovogodi\u0161nje konferencije je decembar, a za vi\u0161e informacija u vezi sa programom, govornicima i registracijom pratite ISCon na veb sajtu ISCon (<a href=\"http:\/\/isconbl.com\" data-type=\"link\" data-id=\"isconbl.com\" target=\"_blank\" rel=\"noreferrer noopener\">isconbl.com<\/a>), Instagram profilu ISCon (@iscon.bl) i LinkedIn profilu ISCon. Budite spremni za najinovativniju konferenciju do sada koja \u0107e vas inspirisati i obogatiti va\u0161e profesionalno iskustvo!<\/p>\n\n\n\n<figure class=\"wp-block-image size-full\"><img loading=\"lazy\" decoding=\"async\" width=\"800\" height=\"800\" src=\"http:\/\/www.mladibl.com\/wp-content\/uploads\/2023\/09\/ISCon-2023.jpg\" alt=\"Konferencija ISCon 2023\" class=\"wp-image-33823\" srcset=\"https:\/\/www.mladibl.com\/wp-content\/uploads\/2023\/09\/ISCon-2023.jpg 800w, https:\/\/www.mladibl.com\/wp-content\/uploads\/2023\/09\/ISCon-2023-300x300.jpg 300w, https:\/\/www.mladibl.com\/wp-content\/uploads\/2023\/09\/ISCon-2023-150x150.jpg 150w, https:\/\/www.mladibl.com\/wp-content\/uploads\/2023\/09\/ISCon-2023-768x768.jpg 768w\" sizes=\"auto, (max-width: 800px) 100vw, 800px\" \/><\/figure>\n\n\n\n<p>Izvor: Saop\u0161tenje<\/p>\n","protected":false},"excerpt":{"rendered":"<p>Nakon velikog uspjeha prve regionalne konferencije ISCon 2022 u organizaciji Saveza studenata Elektrotehni\u010dkog fakuleta i UG &#8220;AttendIT&#8221;, sa zadovoljstvom najavljujemo<\/p>\n","protected":false},"author":1,"featured_media":33823,"comment_status":"closed","ping_status":"open","sticky":false,"template":"","format":"standard","meta":{"om_disable_all_campaigns":false,"_monsterinsights_skip_tracking":false,"_monsterinsights_sitenote_active":false,"_monsterinsights_sitenote_note":"","_monsterinsights_sitenote_category":0,"footnotes":""},"categories":[6,8692],"tags":[10079,184],"class_list":["post-33832","post","type-post","status-publish","format-standard","has-post-thumbnail","hentry","category-dogadjaji","category-izdvajamo","tag-iscon","tag-konferencija"],"jetpack_featured_media_url":"https:\/\/www.mladibl.com\/wp-content\/uploads\/2023\/09\/ISCon-2023.jpg","amp_enabled":true,"_links":{"self":[{"href":"https:\/\/www.mladibl.com\/index.php?rest_route=\/wp\/v2\/posts\/33832","targetHints":{"allow":["GET"]}}],"collection":[{"href":"https:\/\/www.mladibl.com\/index.php?rest_route=\/wp\/v2\/posts"}],"about":[{"href":"https:\/\/www.mladibl.com\/index.php?rest_route=\/wp\/v2\/types\/post"}],"author":[{"embeddable":true,"href":"https:\/\/www.mladibl.com\/index.php?rest_route=\/wp\/v2\/users\/1"}],"replies":[{"embeddable":true,"href":"https:\/\/www.mladibl.com\/index.php?rest_route=%2Fwp%2Fv2%2Fcomments&post=33832"}],"version-history":[{"count":1,"href":"https:\/\/www.mladibl.com\/index.php?rest_route=\/wp\/v2\/posts\/33832\/revisions"}],"predecessor-version":[{"id":33833,"href":"https:\/\/www.mladibl.com\/index.php?rest_route=\/wp\/v2\/posts\/33832\/revisions\/33833"}],"wp:featuredmedia":[{"embeddable":true,"href":"https:\/\/www.mladibl.com\/index.php?rest_route=\/wp\/v2\/media\/33823"}],"wp:attachment":[{"href":"https:\/\/www.mladibl.com\/index.php?rest_route=%2Fwp%2Fv2%2Fmedia&parent=33832"}],"wp:term":[{"taxonomy":"category","embeddable":true,"href":"https:\/\/www.mladibl.com\/index.php?rest_route=%2Fwp%2Fv2%2Fcategories&post=33832"},{"taxonomy":"post_tag","embeddable":true,"href":"https:\/\/www.mladibl.com\/index.php?rest_route=%2Fwp%2Fv2%2Ftags&post=33832"}],"curies":[{"name":"wp","href":"https:\/\/api.w.org\/{rel}","templated":true}]}}