{"id":33794,"date":"2023-09-07T08:53:28","date_gmt":"2023-09-07T06:53:28","guid":{"rendered":"https:\/\/www.mladibl.com\/?p=33794"},"modified":"2023-09-07T08:53:29","modified_gmt":"2023-09-07T06:53:29","slug":"poetsko-muzicko-vece-na-pravnom-fakultetu","status":"publish","type":"post","link":"https:\/\/www.mladibl.com\/?p=33794","title":{"rendered":"Poetsko-muzi\u010dko ve\u010de na Pravnom fakultetu"},"content":{"rendered":"\n<p><strong>Knji\u017eevno-pravni klub Pravnog fakulteta Univerziteta u Banjoj Luci 14. septembra 2023. godine organizuje tre\u0107e poetsko-muzi\u010dko ve\u010de.<\/strong><\/p>\n\n\n\n<p><strong>Doga\u0111aj koji je takmi\u010darskog karaktera bi\u0107e odr\u017ean u 18 \u010dasova u Atrijumu&nbsp;<\/strong>Pravnog fakulteta Univerziteta u Banjoj Luci. Kategorije u kojima se mogu predstaviti takmi\u010dari jesu interpretacija i vokalno izvo\u0111enje<strong>, a t<\/strong>ri najbolja izvo\u0111enja iz obje kategorije bi\u0107e i nov\u010dano nagra\u0111ena.<\/p>\n\n\n\n<p>Prijave za u\u010de\u0161\u0107e su mogu\u0107e do 10. septembra 2023. godine, na adresu elektronske po\u0161te\u00a0<a href=\"mailto:knjizevnopravniklub@gmail.com\">knjizevnopravniklub@gmail.com<\/a>.<\/p>\n\n\n\n<figure class=\"wp-block-image size-large\"><img decoding=\"async\" src=\"https:\/\/unibl.org\/uploads\/attachment\/vest\/13579\/large_poetsko-pravni.jpg\" alt=\"\"\/><\/figure>\n\n\n\n<p>Preuzeto sa: <a href=\"https:\/\/unibl.org\/sr-lat\/vesti\/2023\/09\/poetsko-muzicko-vece-na-pravnom-fakultetu\" data-type=\"link\" data-id=\"https:\/\/unibl.org\/sr-lat\/vesti\/2023\/09\/poetsko-muzicko-vece-na-pravnom-fakultetu\" target=\"_blank\" rel=\"noreferrer noopener\">Univerzitet u Banjoj Luci<\/a><\/p>\n","protected":false},"excerpt":{"rendered":"<p>Knji\u017eevno-pravni klub Pravnog fakulteta Univerziteta u Banjoj Luci 14. septembra 2023. godine organizuje tre\u0107e poetsko-muzi\u010dko ve\u010de. Doga\u0111aj koji je takmi\u010darskog<\/p>\n","protected":false},"author":1,"featured_media":33788,"comment_status":"closed","ping_status":"open","sticky":false,"template":"","format":"standard","meta":{"om_disable_all_campaigns":false,"_monsterinsights_skip_tracking":false,"_monsterinsights_sitenote_active":false,"_monsterinsights_sitenote_note":"","_monsterinsights_sitenote_category":0,"footnotes":""},"categories":[6],"tags":[11867,930],"class_list":["post-33794","post","type-post","status-publish","format-standard","has-post-thumbnail","hentry","category-dogadjaji","tag-poetsko-muzicko-vece","tag-pravni-fakultet"],"jetpack_featured_media_url":"https:\/\/www.mladibl.com\/wp-content\/uploads\/2023\/09\/Poetsko-muzicko-vece-na-Pravnom-fakultetu.jpg","amp_enabled":true,"_links":{"self":[{"href":"https:\/\/www.mladibl.com\/index.php?rest_route=\/wp\/v2\/posts\/33794","targetHints":{"allow":["GET"]}}],"collection":[{"href":"https:\/\/www.mladibl.com\/index.php?rest_route=\/wp\/v2\/posts"}],"about":[{"href":"https:\/\/www.mladibl.com\/index.php?rest_route=\/wp\/v2\/types\/post"}],"author":[{"embeddable":true,"href":"https:\/\/www.mladibl.com\/index.php?rest_route=\/wp\/v2\/users\/1"}],"replies":[{"embeddable":true,"href":"https:\/\/www.mladibl.com\/index.php?rest_route=%2Fwp%2Fv2%2Fcomments&post=33794"}],"version-history":[{"count":1,"href":"https:\/\/www.mladibl.com\/index.php?rest_route=\/wp\/v2\/posts\/33794\/revisions"}],"predecessor-version":[{"id":33795,"href":"https:\/\/www.mladibl.com\/index.php?rest_route=\/wp\/v2\/posts\/33794\/revisions\/33795"}],"wp:featuredmedia":[{"embeddable":true,"href":"https:\/\/www.mladibl.com\/index.php?rest_route=\/wp\/v2\/media\/33788"}],"wp:attachment":[{"href":"https:\/\/www.mladibl.com\/index.php?rest_route=%2Fwp%2Fv2%2Fmedia&parent=33794"}],"wp:term":[{"taxonomy":"category","embeddable":true,"href":"https:\/\/www.mladibl.com\/index.php?rest_route=%2Fwp%2Fv2%2Fcategories&post=33794"},{"taxonomy":"post_tag","embeddable":true,"href":"https:\/\/www.mladibl.com\/index.php?rest_route=%2Fwp%2Fv2%2Ftags&post=33794"}],"curies":[{"name":"wp","href":"https:\/\/api.w.org\/{rel}","templated":true}]}}