{"id":3377,"date":"2020-10-14T09:01:14","date_gmt":"2020-10-14T07:01:14","guid":{"rendered":"http:\/\/www.mladibl.com\/?p=3377"},"modified":"2020-10-14T09:01:16","modified_gmt":"2020-10-14T07:01:16","slug":"evropski-program-za-novinarsku-prekogranicnu-saradnju","status":"publish","type":"post","link":"https:\/\/www.mladibl.com\/?p=3377","title":{"rendered":"Evropski program za novinarsku prekograni\u010dnu saradnju"},"content":{"rendered":"\n<p>Fondacija Alfred Toepfer Stiftung i Arena za novinarstvo u Evropi pozivaju novinare iz cijele Evrope da se prijave za u\u010de\u0161\u0107e na Evropskom programu za novinarsku prekograni\u010dnu saradnju. Prijaviti se mogu zaposleni i freelance novinari, a program se sastoji iz dva dijela koji \u0107e se odr\u017eati u Njema\u010dkoj i Belgiji.<\/p>\n\n\n\n<p>Prvi dio programa odr\u017ea\u0107e se od 18. do 21.3.2021. u Konferencijskom centru Gut Siggen u Sjevernoj Njema\u010dkoj gdje \u0107e u\u010desnici mo\u0107i razgovarati o saradnji i prekograni\u010dnim metodama, kao i o alatima koji se odra\u017eavaju na vlastitu profesionalnu praksu. U\u010desnici \u0107e tako\u0111er imati mogu\u0107nost daljeg razvoja vlastitih pri\u010da za koje \u0107e dobiti povratne informacije od stru\u010dnjaka.<\/p>\n\n\n\n<p>U\u010desnici \u0107e tokom drugog dijela programa boraviti na Dataharvestu, Evropskoj kenferenciji za istra\u017eiva\u010dko novinarsrtvo koja \u0107e se odr\u017eati od 27. do 30.5.2021. u Belgiji.<\/p>\n\n\n\n<p>Svi zainteresovani trebaju popuniti aplikacijski formular i prilo\u017eiti CV, motivacijsko pismo, kratki opis prekograni\u010dne pri\u010de na kojoj planiraju raditi, pismo preporuke i jedan ili dva primjera autorskih radova.<\/p>\n\n\n\n<p>U pozivu se isti\u010de da su digitalizacija, novi obrazac medijske potro\u0161nje, kao i sve ve\u0107e nepovjerenje javnosti u medije stavili novinarstvo pod pritisak i da je sloboda medija ugro\u017eena u nekoliko evropskih zemalja. Navodi se i da prekograni\u010dne pri\u010de postaju sve rasprostranjenije poput pri\u010da o za\u0161titi okoli\u0161a, migracija i organizovanog kriminala. Organizatori isti\u010du da saradni\u010dko i prekograni\u010dno novinarstvo mogu pru\u017eiti sredstva za odr\u017eavanje detaljnih istra\u017eivanja i pozivanje struktura mo\u0107i na odgovornost uprkos smanjenju resursa.<\/p>\n\n\n\n<p>Rok za prijavu je 22.11.2020.<\/p>\n\n\n\n<p>Organizatori pokrivaju sve potrebne tro\u0161kove, a zbog pandemije koronavirusa postoji mogu\u0107nost da formati programa budu izmijenjeni o \u010demu \u0107e, u tom slu\u010daju, svi u\u010desnici biti pravovremeno obavije\u0161teni.<\/p>\n\n\n\n<p>Vi\u0161e o programu i na\u010dinu prijave mo\u017eete pro\u010ditati <strong><a href=\"https:\/\/www.toepfer-stiftung.de\/en\/ecjp\/\" target=\"_blank\" rel=\"noreferrer noopener\" aria-label=\"ovdje (opens in a new tab)\">ovdje<\/a><\/strong>.<\/p>\n\n\n\n<p><strong><a href=\"https:\/\/media.ba\/bs\/event\/evropski-program-za-novinarsku-prekogranicnu-saradnju\" target=\"_blank\" rel=\"noreferrer noopener\" aria-label=\"media.ba (opens in a new tab)\">media.ba<\/a><\/strong><\/p>\n\n\n\n<p>Preuzeto sa: <a href=\"https:\/\/www.mreza-mira.net\/vijesti\/seminari-treninzi\/evropski-program-za-novinarsku-prekogranicnu-saradnju\/\" target=\"_blank\" rel=\"noreferrer noopener\" aria-label=\"mreza-mira.net (opens in a new tab)\">mreza-mira.net<\/a><\/p>\n","protected":false},"excerpt":{"rendered":"<p>Fondacija Alfred Toepfer Stiftung i Arena za novinarstvo u Evropi pozivaju novinare iz cijele Evrope da se prijave za u\u010de\u0161\u0107e<\/p>\n","protected":false},"author":1,"featured_media":3378,"comment_status":"closed","ping_status":"open","sticky":false,"template":"","format":"standard","meta":{"om_disable_all_campaigns":false,"_monsterinsights_skip_tracking":false,"_monsterinsights_sitenote_active":false,"_monsterinsights_sitenote_note":"","_monsterinsights_sitenote_category":0,"footnotes":""},"categories":[4],"tags":[1579,185,1580],"class_list":["post-3377","post","type-post","status-publish","format-standard","has-post-thumbnail","hentry","category-edukacija","tag-evropski-program","tag-novinari","tag-prekogranicna-saradnja"],"jetpack_featured_media_url":"https:\/\/www.mladibl.com\/wp-content\/uploads\/2020\/10\/Evropski-program-za-novinarsku-prekograni\u010dnu-saradnju.jpg","amp_enabled":true,"_links":{"self":[{"href":"https:\/\/www.mladibl.com\/index.php?rest_route=\/wp\/v2\/posts\/3377","targetHints":{"allow":["GET"]}}],"collection":[{"href":"https:\/\/www.mladibl.com\/index.php?rest_route=\/wp\/v2\/posts"}],"about":[{"href":"https:\/\/www.mladibl.com\/index.php?rest_route=\/wp\/v2\/types\/post"}],"author":[{"embeddable":true,"href":"https:\/\/www.mladibl.com\/index.php?rest_route=\/wp\/v2\/users\/1"}],"replies":[{"embeddable":true,"href":"https:\/\/www.mladibl.com\/index.php?rest_route=%2Fwp%2Fv2%2Fcomments&post=3377"}],"version-history":[{"count":1,"href":"https:\/\/www.mladibl.com\/index.php?rest_route=\/wp\/v2\/posts\/3377\/revisions"}],"predecessor-version":[{"id":3379,"href":"https:\/\/www.mladibl.com\/index.php?rest_route=\/wp\/v2\/posts\/3377\/revisions\/3379"}],"wp:featuredmedia":[{"embeddable":true,"href":"https:\/\/www.mladibl.com\/index.php?rest_route=\/wp\/v2\/media\/3378"}],"wp:attachment":[{"href":"https:\/\/www.mladibl.com\/index.php?rest_route=%2Fwp%2Fv2%2Fmedia&parent=3377"}],"wp:term":[{"taxonomy":"category","embeddable":true,"href":"https:\/\/www.mladibl.com\/index.php?rest_route=%2Fwp%2Fv2%2Fcategories&post=3377"},{"taxonomy":"post_tag","embeddable":true,"href":"https:\/\/www.mladibl.com\/index.php?rest_route=%2Fwp%2Fv2%2Ftags&post=3377"}],"curies":[{"name":"wp","href":"https:\/\/api.w.org\/{rel}","templated":true}]}}