{"id":33605,"date":"2023-08-31T08:51:40","date_gmt":"2023-08-31T06:51:40","guid":{"rendered":"https:\/\/www.mladibl.com\/?p=33605"},"modified":"2023-08-31T08:51:41","modified_gmt":"2023-08-31T06:51:41","slug":"lets-do-it-bosna-i-hercegovina-prijavi-se-i-ucestvuj-u-svjetskom-danu-ciscenja","status":"publish","type":"post","link":"https:\/\/www.mladibl.com\/?p=33605","title":{"rendered":"Let\u2019s Do It Bosna i Hercegovina: Prijavi se i u\u010destvuj u svjetskom danu \u010di\u0161\u0107enja"},"content":{"rendered":"\n<p>Svjetski dan \u010di\u0161\u0107enja obilje\u017eava se 16. septembra 2023. godine, a Let\u2019s Do It tim u BiH \u017eeli pru\u017eiti priliku gra\u0111anima i gra\u0111ankama \u0161irom Bosne i Hercegovine da se uklju\u010de u \u010di\u0161\u0107enje i na taj na\u010din budu dio Svjetskog pokreta ujedinjenog oko borbe za \u010distu i lijepu \u017eivotnu okolinu.<\/p>\n\n\n\n<p>Svjetski dan \u010di\u0161\u0107enja u BiH \u0107e se organizirano provesti na 10 lokacija \u0161irom BiH, a informacije u kojim gradovima se organiziraju akcije bit \u0107e poznate po\u010detkom septembra.<\/p>\n\n\n\n<p>Glavna akcija \u010di\u0161\u0107enja bit \u0107e organizirana u Sarajevu, a na ovom linku se mogu prijaviti svi zainteresirani volonteri koji \u017eele \u010distiti sa nama 16. septembra:\u00a0<a rel=\"noreferrer noopener\" href=\"https:\/\/forms.gle\/dnueanKSc9aENipDA\" target=\"_blank\"><strong>https:\/\/forms.gle\/dnueanKSc9aENipDA<\/strong><\/a><\/p>\n\n\n\n<p>Sve zainteresovane koji \u017eele sami da \u010diste u svojoj lokalnoj zajednici, jer u njihovom gradu\/mjestu nema organizovane akcije \u010di\u0161\u0107enja, ohrabrujemo da animiraju ekipu ljudi, svoje porodice ili prijatelje, te da pokupe sme\u0107e u svojoj okolini.<\/p>\n\n\n\n<p>Nakon zavr\u0161ene akcije \u010di\u0161\u0107enja izvje\u0161taj o \u010di\u0161\u0107enju po\u0161aljite nama na mail: ekoheroj@gmail.com najkasnije do 20.09.2022. do pono\u0107i.<\/p>\n\n\n\n<p>U izvje\u0161taju je potrebno navesti: Mjesto\/lokaciju koja je o\u010di\u0161\u0107ena, koliko je ljudi u\u010destvovalo u \u010di\u0161\u0107enju i koliko vre\u0107a otpada je tom prilikom prikupljeno. Molimo vas da nam tako\u0111er po\u0161aljete i 3-4 fotografije sa \u010di\u0161\u0107enja.<\/p>\n\n\n\n<p>Svjetski dan \u010di\u0161\u0107enja (World Cleanup Day) je ekolo\u0161ki pokret kojeg je svjetski Let\u2019s Do It tim zapo\u010deo 2018. godine sa ciljem da na\u0161u planetu o\u010disti od otpada i podigne ekolo\u0161ku osvije\u0161tenost njenih stanovnika. Do sada je ovaj pokret ujedinio aktiviste iz 180 zemalja, koji organizuju akcije \u010di\u0161\u0107enja u septembru \u0161irom svijeta. Ove godine akcije \u010di\u0161\u0107enja \u0107e se organizovati u 191 zemlji me\u0111u kojima je i Bosna i Hercegovina, navode iz Let\u2019s Do It tima.<\/p>\n\n\n\n<p>Ovogodi\u0161nje akcije \u010di\u0161\u0107enja povodom \u201cSvjetskog dana \u010di\u0161\u0107enja\u201d podr\u017eavaju:<\/p>\n\n\n\n<p>Srebrni sponzor projekta: Eko \u017eivot d.o.o.<\/p>\n\n\n\n<p>Bronzani sponzor projekta: EOS MATRIX d.o.o.<\/p>\n\n\n\n<p>Donator projekta: EuroExpress brza po\u0161ta<\/p>\n\n\n\n<p>(Abra\u0161MEDIA)<\/p>\n\n\n\n<p>Preuzeto sa: <a href=\"https:\/\/abrasmedia.info\/lets-do-it-bosna-i-hercegovina-prijavi-se-i-ucestvuj-u-svjetskom-danu-ciscenja\/\" data-type=\"link\" data-id=\"https:\/\/abrasmedia.info\/lets-do-it-bosna-i-hercegovina-prijavi-se-i-ucestvuj-u-svjetskom-danu-ciscenja\/\" target=\"_blank\" rel=\"noreferrer noopener\">abrasmedia.info<\/a><\/p>\n","protected":false},"excerpt":{"rendered":"<p>Svjetski dan \u010di\u0161\u0107enja obilje\u017eava se 16. septembra 2023. godine, a Let\u2019s Do It tim u BiH \u017eeli pru\u017eiti priliku gra\u0111anima<\/p>\n","protected":false},"author":1,"featured_media":33599,"comment_status":"closed","ping_status":"open","sticky":false,"template":"","format":"standard","meta":{"om_disable_all_campaigns":false,"_monsterinsights_skip_tracking":false,"_monsterinsights_sitenote_active":false,"_monsterinsights_sitenote_note":"","_monsterinsights_sitenote_category":0,"footnotes":""},"categories":[6],"tags":[3891,5514],"class_list":["post-33605","post","type-post","status-publish","format-standard","has-post-thumbnail","hentry","category-dogadjaji","tag-lets-do-it","tag-svjetski-dan-ciscenja"],"jetpack_featured_media_url":"https:\/\/www.mladibl.com\/wp-content\/uploads\/2023\/08\/Lets-Do-It-Bosna-i-Hercegovina_-Prijavi-se-i-ucestvuj-u-svjetskom-danu-ciscenja.jpg","amp_enabled":true,"_links":{"self":[{"href":"https:\/\/www.mladibl.com\/index.php?rest_route=\/wp\/v2\/posts\/33605","targetHints":{"allow":["GET"]}}],"collection":[{"href":"https:\/\/www.mladibl.com\/index.php?rest_route=\/wp\/v2\/posts"}],"about":[{"href":"https:\/\/www.mladibl.com\/index.php?rest_route=\/wp\/v2\/types\/post"}],"author":[{"embeddable":true,"href":"https:\/\/www.mladibl.com\/index.php?rest_route=\/wp\/v2\/users\/1"}],"replies":[{"embeddable":true,"href":"https:\/\/www.mladibl.com\/index.php?rest_route=%2Fwp%2Fv2%2Fcomments&post=33605"}],"version-history":[{"count":1,"href":"https:\/\/www.mladibl.com\/index.php?rest_route=\/wp\/v2\/posts\/33605\/revisions"}],"predecessor-version":[{"id":33606,"href":"https:\/\/www.mladibl.com\/index.php?rest_route=\/wp\/v2\/posts\/33605\/revisions\/33606"}],"wp:featuredmedia":[{"embeddable":true,"href":"https:\/\/www.mladibl.com\/index.php?rest_route=\/wp\/v2\/media\/33599"}],"wp:attachment":[{"href":"https:\/\/www.mladibl.com\/index.php?rest_route=%2Fwp%2Fv2%2Fmedia&parent=33605"}],"wp:term":[{"taxonomy":"category","embeddable":true,"href":"https:\/\/www.mladibl.com\/index.php?rest_route=%2Fwp%2Fv2%2Fcategories&post=33605"},{"taxonomy":"post_tag","embeddable":true,"href":"https:\/\/www.mladibl.com\/index.php?rest_route=%2Fwp%2Fv2%2Ftags&post=33605"}],"curies":[{"name":"wp","href":"https:\/\/api.w.org\/{rel}","templated":true}]}}