{"id":33603,"date":"2023-08-31T08:50:06","date_gmt":"2023-08-31T06:50:06","guid":{"rendered":"https:\/\/www.mladibl.com\/?p=33603"},"modified":"2023-08-31T09:11:27","modified_gmt":"2023-08-31T07:11:27","slug":"kongres-mira-u-berlinu","status":"publish","type":"post","link":"https:\/\/www.mladibl.com\/?p=33603","title":{"rendered":"Kongres mira u Berlinu"},"content":{"rendered":"\n<p>Ponovo je slobodno nekoliko mjesta za na\u0161&nbsp;<strong>mirovni kongres<\/strong>&nbsp;i srda\u010dno vas pozivamo da se prijavite za kongres<strong>&nbsp;u Berlinu od 22. do 24. septembra.<\/strong><\/p>\n\n\n\n<p>U ova tri dana odr\u017eat \u0107e se govornici, diskusije, radionice i interaktivni elementi s kojima \u0107e se mladi iz cijele Evrope umre\u017eiti. Razgovara\u0107emo o miru i odr\u017eivosti i o tome kako se mo\u017eete aktivirati u oblasti mirovnog rada.<\/p>\n\n\n\n<p>Prijaviti se mo\u017eete na web stranici www.peaceline.eu u okviru KONGRES MIRA ili putem linka:\u00a0<a rel=\"noreferrer noopener\" href=\"https:\/\/www.peaceline.eu\/peace-congress-application\/\" target=\"_blank\">https:\/\/www.peaceline.eu\/peace-congress-application\/<\/a><\/p>\n\n\n\n<figure class=\"wp-block-image size-full\"><img loading=\"lazy\" decoding=\"async\" width=\"800\" height=\"732\" src=\"http:\/\/www.mladibl.com\/wp-content\/uploads\/2023\/08\/Kongres-mira-u-Berlinu.jpg\" alt=\"Kongres mira u Berlinu\" class=\"wp-image-33600\" srcset=\"https:\/\/www.mladibl.com\/wp-content\/uploads\/2023\/08\/Kongres-mira-u-Berlinu.jpg 800w, https:\/\/www.mladibl.com\/wp-content\/uploads\/2023\/08\/Kongres-mira-u-Berlinu-300x275.jpg 300w, https:\/\/www.mladibl.com\/wp-content\/uploads\/2023\/08\/Kongres-mira-u-Berlinu-768x703.jpg 768w\" sizes=\"auto, (max-width: 800px) 100vw, 800px\" \/><\/figure>\n\n\n\n<p>Preuzeto sa: <a href=\"https:\/\/www.hocu.ba\/indexphp\/hocupriliku\/kongres-mira-u-berlinu\/\" data-type=\"link\" data-id=\"https:\/\/www.hocu.ba\/indexphp\/hocupriliku\/kongres-mira-u-berlinu\/\" target=\"_blank\" rel=\"noreferrer noopener\">hocu.ba<\/a><\/p>\n","protected":false},"excerpt":{"rendered":"<p>Ponovo je slobodno nekoliko mjesta za na\u0161&nbsp;mirovni kongres&nbsp;i srda\u010dno vas pozivamo da se prijavite za kongres&nbsp;u Berlinu od 22. do<\/p>\n","protected":false},"author":1,"featured_media":33600,"comment_status":"closed","ping_status":"open","sticky":false,"template":"","format":"standard","meta":{"om_disable_all_campaigns":false,"_monsterinsights_skip_tracking":false,"_monsterinsights_sitenote_active":false,"_monsterinsights_sitenote_note":"","_monsterinsights_sitenote_category":0,"footnotes":""},"categories":[6,8692],"tags":[9424,11832],"class_list":["post-33603","post","type-post","status-publish","format-standard","has-post-thumbnail","hentry","category-dogadjaji","category-izdvajamo","tag-berlin","tag-kongres-mira"],"jetpack_featured_media_url":"https:\/\/www.mladibl.com\/wp-content\/uploads\/2023\/08\/Kongres-mira-u-Berlinu.jpg","amp_enabled":true,"_links":{"self":[{"href":"https:\/\/www.mladibl.com\/index.php?rest_route=\/wp\/v2\/posts\/33603","targetHints":{"allow":["GET"]}}],"collection":[{"href":"https:\/\/www.mladibl.com\/index.php?rest_route=\/wp\/v2\/posts"}],"about":[{"href":"https:\/\/www.mladibl.com\/index.php?rest_route=\/wp\/v2\/types\/post"}],"author":[{"embeddable":true,"href":"https:\/\/www.mladibl.com\/index.php?rest_route=\/wp\/v2\/users\/1"}],"replies":[{"embeddable":true,"href":"https:\/\/www.mladibl.com\/index.php?rest_route=%2Fwp%2Fv2%2Fcomments&post=33603"}],"version-history":[{"count":1,"href":"https:\/\/www.mladibl.com\/index.php?rest_route=\/wp\/v2\/posts\/33603\/revisions"}],"predecessor-version":[{"id":33604,"href":"https:\/\/www.mladibl.com\/index.php?rest_route=\/wp\/v2\/posts\/33603\/revisions\/33604"}],"wp:featuredmedia":[{"embeddable":true,"href":"https:\/\/www.mladibl.com\/index.php?rest_route=\/wp\/v2\/media\/33600"}],"wp:attachment":[{"href":"https:\/\/www.mladibl.com\/index.php?rest_route=%2Fwp%2Fv2%2Fmedia&parent=33603"}],"wp:term":[{"taxonomy":"category","embeddable":true,"href":"https:\/\/www.mladibl.com\/index.php?rest_route=%2Fwp%2Fv2%2Fcategories&post=33603"},{"taxonomy":"post_tag","embeddable":true,"href":"https:\/\/www.mladibl.com\/index.php?rest_route=%2Fwp%2Fv2%2Ftags&post=33603"}],"curies":[{"name":"wp","href":"https:\/\/api.w.org\/{rel}","templated":true}]}}