{"id":33336,"date":"2023-08-21T09:21:58","date_gmt":"2023-08-21T07:21:58","guid":{"rendered":"https:\/\/www.mladibl.com\/?p=33336"},"modified":"2023-08-21T09:22:00","modified_gmt":"2023-08-21T07:22:00","slug":"udruzenje-most-iz-gradiske-organizovalo-omladinski-plesni-kamp","status":"publish","type":"post","link":"https:\/\/www.mladibl.com\/?p=33336","title":{"rendered":"Udru\u017eenje Most iz Gradi\u0161ke organizovalo \u201eOmladinski plesni kamp\u201c"},"content":{"rendered":"\n<p>Udru\u017eenje Most iz Gradi\u0161ke je po\u010detkom avgusta organizovalo \u201eOmladinski plesni kamp\u201c za mlade ljude iz Srpca, Lakta\u0161a, Banja Luke i Gradi\u0161ke koji su na ovom dvodnevnom doga\u0111aju imali priliku u\u010diti o zna\u010daju volonterizma i samog dokumenta volonterske politike koji je u toku izrade u navedenim zajednicama.<\/p>\n\n\n\n<p>Koordinatorica projekta i izvr\u0161na direktorica udru\u017eenja Most, Dajana Karan isti\u010de kako je ovom dvodnevnom doga\u0111aju prisustvovalo 19 u\u010desnika, te da \u0107e u\u010desnici ubrzo imati priliku pokazati sve \u0161to su nau\u010dili na kampu.<\/p>\n\n\n\n<p>\u201eOva dva dana edukukovali smo mlade o zna\u010daju volonterizma i samog dokumenta volonterske politike za na\u0161e zajednice. Osmislili smo jednu zagovara\u010dku kampanju koju \u0107e mladi sprovesti u svojim zajednicama kada se vrate ku\u0107ama. Rije\u010d je o plesnom performansu sa transparentima koji na zabavan na\u010din treba da po\u0161alje poruku javnosti, da je volonterizam va\u017ean i da su Politike volontiranja va\u017ene.\u201c Vanja Tovarla\u017ea, jedna od u\u010desnica kampa i volonterka udru\u017eenja Most isti\u010de kako su ovakvi doga\u0111aji posebno zna\u010dajni za mlade ljude, te da je sama atmosfera bila divna.<\/p>\n\n\n\n<p>\u201eDoga\u0111aji kao \u0161to je ovaj kamp su jako zna\u010dajni za mlade ljude, jer kroz njih na zabavne i kreativne na\u010dine mo\u017eemo da upijamo novo znanje. U ovom kratkom periodu imala sam priliku da upoznam nove ljude, saznam o va\u017enosti volonterske politike, te da produktivno provedem ove ljetne dane.\u201c<\/p>\n\n\n\n<p>U narednom periodu udru\u017eenje Most \u0107e nastaviti da kroz radne grupe u Gradi\u0161ci, Lakta\u0161ima, Banja Luci i Srpcu radi na izradi Politike volontiranja.<\/p>\n\n\n\n<p>Projekt \u201cRegionalnom saradnjom do boljih volonterskih programa\u201d provodi udru\u017eenje Most iz Gradi\u0161ke, uz podr\u0161ku Instituta za razvoj mladih KULT.<\/p>\n\n\n\n<p>Izvor: Saop\u0161tenje<\/p>\n","protected":false},"excerpt":{"rendered":"<p>Udru\u017eenje Most iz Gradi\u0161ke je po\u010detkom avgusta organizovalo \u201eOmladinski plesni kamp\u201c za mlade ljude iz Srpca, Lakta\u0161a, Banja Luke i<\/p>\n","protected":false},"author":1,"featured_media":33327,"comment_status":"closed","ping_status":"open","sticky":false,"template":"","format":"standard","meta":{"om_disable_all_campaigns":false,"_monsterinsights_skip_tracking":false,"_monsterinsights_sitenote_active":false,"_monsterinsights_sitenote_note":"","_monsterinsights_sitenote_category":0,"footnotes":""},"categories":[2],"tags":[870,11773,11774],"class_list":["post-33336","post","type-post","status-publish","format-standard","has-post-thumbnail","hentry","category-vijesti","tag-gradiska","tag-omladinski-plesni-kamp","tag-udruzenje-most"],"jetpack_featured_media_url":"https:\/\/www.mladibl.com\/wp-content\/uploads\/2023\/08\/Udruzenje-Most-iz-Gradiske-organizovalo-\u201eOmladinski-plesni-kamp.jpg","amp_enabled":true,"_links":{"self":[{"href":"https:\/\/www.mladibl.com\/index.php?rest_route=\/wp\/v2\/posts\/33336","targetHints":{"allow":["GET"]}}],"collection":[{"href":"https:\/\/www.mladibl.com\/index.php?rest_route=\/wp\/v2\/posts"}],"about":[{"href":"https:\/\/www.mladibl.com\/index.php?rest_route=\/wp\/v2\/types\/post"}],"author":[{"embeddable":true,"href":"https:\/\/www.mladibl.com\/index.php?rest_route=\/wp\/v2\/users\/1"}],"replies":[{"embeddable":true,"href":"https:\/\/www.mladibl.com\/index.php?rest_route=%2Fwp%2Fv2%2Fcomments&post=33336"}],"version-history":[{"count":1,"href":"https:\/\/www.mladibl.com\/index.php?rest_route=\/wp\/v2\/posts\/33336\/revisions"}],"predecessor-version":[{"id":33337,"href":"https:\/\/www.mladibl.com\/index.php?rest_route=\/wp\/v2\/posts\/33336\/revisions\/33337"}],"wp:featuredmedia":[{"embeddable":true,"href":"https:\/\/www.mladibl.com\/index.php?rest_route=\/wp\/v2\/media\/33327"}],"wp:attachment":[{"href":"https:\/\/www.mladibl.com\/index.php?rest_route=%2Fwp%2Fv2%2Fmedia&parent=33336"}],"wp:term":[{"taxonomy":"category","embeddable":true,"href":"https:\/\/www.mladibl.com\/index.php?rest_route=%2Fwp%2Fv2%2Fcategories&post=33336"},{"taxonomy":"post_tag","embeddable":true,"href":"https:\/\/www.mladibl.com\/index.php?rest_route=%2Fwp%2Fv2%2Ftags&post=33336"}],"curies":[{"name":"wp","href":"https:\/\/api.w.org\/{rel}","templated":true}]}}