{"id":33332,"date":"2023-08-21T09:18:00","date_gmt":"2023-08-21T07:18:00","guid":{"rendered":"https:\/\/www.mladibl.com\/?p=33332"},"modified":"2023-08-21T09:18:01","modified_gmt":"2023-08-21T07:18:01","slug":"izlozba-u-okviru-kocicevog-zbora-kultura-na-frontu-25-avgusta-u-narodnoj-i-univerzitetskoj-biblioteci-republike-srpske","status":"publish","type":"post","link":"https:\/\/www.mladibl.com\/?p=33332","title":{"rendered":"Izlo\u017eba u okviru \u201eKo\u010di\u0107evog zbora\u201c: \u201eKultura na frontu\u201c 25. avgusta u Narodnoj i univerzitetskoj biblioteci Republike Srpske"},"content":{"rendered":"\n<p>U okviru \u201eKo\u010di\u0107evog zbora\u201c, 25. avgusta bi\u0107e otvorena izlo\u017eba \u201eKultura na frontu-kultura u periodu od 1992. do 1995. godine\u201c u Narodnoj i univerzitetskoj biblioteci Republike Srpske. Izlo\u017eba, autora Milijane Boji\u0107 i Suzane Pe\u0161evi\u0107 Stojanovi\u0107, bi\u0107e otvorena u 11.00 \u010dasova.<\/p>\n\n\n\n<p>-Vrijeme posljednjeg rata, rata koji je obilje\u017eio kraj devedesetih godina dvadesetog vijeka (1992\u20131995), bilo je i vrijeme stvaranja Republike Srpske. Tim povodom prire\u0111uje se izlo\u017eba \u201eKultura na frontu \u2013 Kultura u periodu od 1992. do 1995. godine\u201c. Ova izlo\u017eba pokazuje da \u201enema rata koji mo\u017ee zaustaviti ispoljavanje ljudske duhovnosti, iskonski ljudski smisao da stvara, da pronalazi nove sadr\u017eaje i oblike, da traga za smislom vje\u010dne ljepote i ljudske uspravljenosti\u201c (\u201eSrpska vojska\u201c, 15. jul 1993. godine) \u2013 naveli su u saop\u0161tenju iz Narodne i univerzitetske biblioteke Republike Srpske.<\/p>\n\n\n\n<p>Isti\u010du da izlo\u017eba predstavlja pregled kulturnih aktivnosti srpskog naroda u najte\u017eim vremena i u ratom okupiranim mjestima.<\/p>\n\n\n\n<p>-Narod u Republici Srpskoj pokazao je da se pitanje suvereniteta i dr\u017eavnosti jedne nacije i njene dr\u017eavne tvorevine nije svodilo samo na problem granica, teritorije, vojske, vlasti, nego da se jedan narod, njegov identitet i dr\u017eavotvornost zapravo pokazuju kroz jezik, tradiciju i kulturu, odnosno kroz sveobuhvatno duhovno stvarala\u0161tvo. Cilj izlo\u017ebe jeste da poka\u017eemo koliko se narod u Republici Srpskoj trudio da, uprkos ratnim dejstvima, ne dozvoli da se kultura \u201eugasi\u201c. Koliko je ulagano napora da se odr\u017eavaju tradicionalne kulturne manifestacije (poput \u201eKo\u010di\u0107evog zbora\u201c, \u201eVi\u0161egradske staze\u201c, \u201eVi\u0161nji\u0107evih dana\u201c, \u201eDu\u010di\u0107evih ve\u010deri poezije\u201c), kao i da kulturne institucije (biblioteke, muzeji, galerije, domovi kulture, arhivi, kulturno-umjetni\u010dka dru\u0161tva) ne prestanu sa radom. I na pitanje da li je kultura postojala u periodu 1992\u20131995. godine odgovor je DA \u2013 ne samo da je postojala nego je bila jedna velika svijetla ta\u010dka u tmurnim vremenima \u2013 navode iz ove ustanove kulture.<\/p>\n\n\n\n<p>Za potrebe ove izlo\u017ebe kori\u0161tena je gra\u0111a koja je izlazila na prostoru Republike Srpske, i to: \u0161tampa i \u010dasopisi.<\/p>\n\n\n\n<p>Preuzeto sa: <a href=\"https:\/\/www.banjaluka.rs.ba\/izlozba-kultura-na-frontu\/\" data-type=\"link\" data-id=\"https:\/\/www.banjaluka.rs.ba\/izlozba-kultura-na-frontu\/\" target=\"_blank\" rel=\"noreferrer noopener\">Grad Banja Luka<\/a><\/p>\n","protected":false},"excerpt":{"rendered":"<p>U okviru \u201eKo\u010di\u0107evog zbora\u201c, 25. avgusta bi\u0107e otvorena izlo\u017eba \u201eKultura na frontu-kultura u periodu od 1992. do 1995. godine\u201c u<\/p>\n","protected":false},"author":1,"featured_media":33329,"comment_status":"closed","ping_status":"open","sticky":false,"template":"","format":"standard","meta":{"om_disable_all_campaigns":false,"_monsterinsights_skip_tracking":false,"_monsterinsights_sitenote_active":false,"_monsterinsights_sitenote_note":"","_monsterinsights_sitenote_category":0,"footnotes":""},"categories":[2],"tags":[699,784,11771],"class_list":["post-33332","post","type-post","status-publish","format-standard","has-post-thumbnail","hentry","category-vijesti","tag-izlozba","tag-kocicev-zbor","tag-kultura-na-frontu"],"jetpack_featured_media_url":"https:\/\/www.mladibl.com\/wp-content\/uploads\/2023\/08\/Izlozba-u-okviru-\u201eKocicevog-zbora_-\u201eKultura-na-frontu-25.-avgusta-u-Narodnoj-i-univerzitetskoj-biblioteci-Republike-Srpske.jpg","amp_enabled":true,"_links":{"self":[{"href":"https:\/\/www.mladibl.com\/index.php?rest_route=\/wp\/v2\/posts\/33332","targetHints":{"allow":["GET"]}}],"collection":[{"href":"https:\/\/www.mladibl.com\/index.php?rest_route=\/wp\/v2\/posts"}],"about":[{"href":"https:\/\/www.mladibl.com\/index.php?rest_route=\/wp\/v2\/types\/post"}],"author":[{"embeddable":true,"href":"https:\/\/www.mladibl.com\/index.php?rest_route=\/wp\/v2\/users\/1"}],"replies":[{"embeddable":true,"href":"https:\/\/www.mladibl.com\/index.php?rest_route=%2Fwp%2Fv2%2Fcomments&post=33332"}],"version-history":[{"count":1,"href":"https:\/\/www.mladibl.com\/index.php?rest_route=\/wp\/v2\/posts\/33332\/revisions"}],"predecessor-version":[{"id":33333,"href":"https:\/\/www.mladibl.com\/index.php?rest_route=\/wp\/v2\/posts\/33332\/revisions\/33333"}],"wp:featuredmedia":[{"embeddable":true,"href":"https:\/\/www.mladibl.com\/index.php?rest_route=\/wp\/v2\/media\/33329"}],"wp:attachment":[{"href":"https:\/\/www.mladibl.com\/index.php?rest_route=%2Fwp%2Fv2%2Fmedia&parent=33332"}],"wp:term":[{"taxonomy":"category","embeddable":true,"href":"https:\/\/www.mladibl.com\/index.php?rest_route=%2Fwp%2Fv2%2Fcategories&post=33332"},{"taxonomy":"post_tag","embeddable":true,"href":"https:\/\/www.mladibl.com\/index.php?rest_route=%2Fwp%2Fv2%2Ftags&post=33332"}],"curies":[{"name":"wp","href":"https:\/\/api.w.org\/{rel}","templated":true}]}}