{"id":33234,"date":"2023-08-15T21:16:22","date_gmt":"2023-08-15T19:16:22","guid":{"rendered":"https:\/\/www.mladibl.com\/?p=33234"},"modified":"2023-08-15T21:16:24","modified_gmt":"2023-08-15T19:16:24","slug":"pokrenite-pozitivne-promjene-u-svom-okruzenju","status":"publish","type":"post","link":"https:\/\/www.mladibl.com\/?p=33234","title":{"rendered":"Pokrenite pozitivne promjene u svom okru\u017eenju"},"content":{"rendered":"\n<p><strong>Trag fondacija objavila drugi konkurs za organizacije u okviru programa podr\u0161ke javnom zagovaranju \u201ePokret Polet\u201c<\/strong><\/p>\n\n\n\n<p><strong>Beograd, 15. avgust 2023. \u2013&nbsp;<\/strong>Trag fondacija, u okviru trogodi\u0161njeg programa \u201ePokret Polet\u201c, objavila je drugi konkurs za podr\u0161ku javnom zagovaranju, namenjen organizacijama civilnog dru\u0161tva. Program se sprovodi u partnerstvu sa Centrom za socijalnu politiku i u saradnji sa Koalicijom za razvoj solidarne ekonomija (KoRSE), uz finansijsku podr\u0161ku Evropske unije.<\/p>\n\n\n\n<p>\u201eCilj ovog programa je da se osna\u017ee organizacije civilnog dru\u0161tva da se na efikasan na\u010din bave socio-ekonomskim pitanjima na lokalnom nivou, kao i da se uklju\u010de u dijalog sa predstavnicima lokalne vlasti i u taj proces dodatno uklju\u010de gra\u0111ane. Podr\u0161ka podrazumeva finansijsku donaciju u iznosu do 15.000 evra, zatim obuke o javnom zagovaranju, ekspertsku podr\u0161ku kroz mentorstva i rad sa multidisciplinarnim timovima mladih istra\u017eiva\u010da \u2013 politikolozima, ekonomistima, pravnicima. Na taj na\u010din Trag fondacija, u saradnji sa partnerima, podsti\u010de izgradnju i unapre\u0111enje kapaciteta lokalnih organizacija civilnog dru\u0161tva da argumentovano zagovaraju za izmene nacionalnih i lokalnih javnih politika. Pozivam one koji \u017eele da budu, ne samo deo promena, nego i da ih iniciraju da se prijave i tako doprinesu razvoju svojih zajednica\u201c,&nbsp;<strong>izjavila je Svetlana Radosavljevi\u0107, savetnica programa javnih politika u Trag fondaciji.<\/strong><\/p>\n\n\n\n<p>Trag fondacija \u0107e podr\u017eati organizacije civilnog dru\u0161tva u periodu od godinu dana da realizuju svoje zagovara\u010dke inicijative na jednu od tri klju\u010dne teme: unapre\u0111enje kvaliteta i dostupnost&nbsp;<strong>usluga socijalne za\u0161tite<\/strong>&nbsp;radi pobolj\u0161anja polo\u017eaja osetljivih grupa, zatim unapre\u0111enje&nbsp;<strong>radnih prava<\/strong>&nbsp;i podsticaj&nbsp;<strong>zapo\u0161ljavanju&nbsp;<\/strong>osetljivih grupa i&nbsp;<strong>osna\u017eivanje socijalnog preduzetni\u0161tva<\/strong>&nbsp;i podsticanje inovacija socijalnih usluga. Krajnji korisnici programa su gra\u0111ani Srbije, posebno pripadnici osetljivih grupa kao \u0161to su deca i NEET omladina, stariji ljudi, osobe sa invaliditetom, Romi, \u017eene, izbeglice i prekarni radnici.<\/p>\n\n\n\n<p>Vi\u0161e informacija o tematskim prioritetima i uslovima konkursa mo\u017ee se na\u0107i&nbsp;<a href=\"https:\/\/tragfondacija.org\/otvoren-konkurs-za-novi-ciklus-programa-pokret-polet\/\">na sajtu Trag fondacije<\/a>, a ukoliko \u017eelite, mo\u017eete zakazati i konsultacije sa Tragovim timom koji radi direktno na ovom projektu, slanjem mejla na&nbsp;<a href=\"file:\/\/192.168.1.2\/Trag\/D%20-%20Donatori\/EU-6_CSF\/3.%20IMPLEMENTACIJA%20-%20RADNI%20PAKETI\/WP1%20CSO\/A1.1%20Grant%20support%20for%20CSOs\/II%20OTVOREN%20POZIV%20&amp;%20I%20ZATVOREN\/1.%20OTVOREN%20POZIV\/politike@tragfondacija.org\">politike@tragfondacija.org<\/a>, najkasnije do srede, 30. avgusta 2023. do 12 \u010dasova.<\/p>\n\n\n\n<p><strong>Konkurs je otvoren do 03. septembra &nbsp;2023. godine.<\/strong><\/p>\n\n\n\n<p>Za sve dodatne informacije molimo kontaktirajte:<\/p>\n\n\n\n<p><strong>Eminent Communications, Emina Ferizovi\u0107, direktorka<\/strong><\/p>\n\n\n\n<p>M: + 381 63 7704 876,&nbsp;<a href=\"mailto:emina@eminentkomunikacije.rs\">emina@eminentkomunikacije.rs<\/a><\/p>\n\n\n\n<p><strong><u>O Trag fondaciji:<\/u><\/strong><\/p>\n\n\n\n<p>Trag je regionalna fondacija koja deluje u Srbiji, Crnoj Gori i Bosni i Hercegovini. Ve\u0107 23 godine podr\u017eava i podsti\u010de gra\u0111ane na aktivno u\u010de\u0161\u0107e u razvoju lokalnih zajednica u kojima \u017eive ili posluju. Trag fondacija osna\u017euje ljude koji veruju da zajedni\u010dke inicijative mogu imati veliki uticaj i koji \u017eele da budu pokreta\u010di pozitivnih promena u svojim zajednicama. Tokom prethodne dve decenije Trag fondacija je kroz brojne programe podr\u017eala vi\u0161e od 1.700 uspe\u0161nih projekata sa preko 15 miliona evra ulo\u017eenih \u0161irom Srbije i regiona.<\/p>\n\n\n\n<p>Preuzeto sa: <a href=\"https:\/\/www.mreza-mira.net\/vijesti\/seminari-treninzi\/pokrenite-pozitivne-promene-u-svom-okruzenju\/\" data-type=\"link\" data-id=\"https:\/\/www.mreza-mira.net\/vijesti\/seminari-treninzi\/pokrenite-pozitivne-promene-u-svom-okruzenju\/\" target=\"_blank\" rel=\"noreferrer noopener\">mreza-mira.net<\/a><\/p>\n","protected":false},"excerpt":{"rendered":"<p>Trag fondacija objavila drugi konkurs za organizacije u okviru programa podr\u0161ke javnom zagovaranju \u201ePokret Polet\u201c Beograd, 15. avgust 2023. \u2013&nbsp;Trag<\/p>\n","protected":false},"author":1,"featured_media":33206,"comment_status":"closed","ping_status":"open","sticky":false,"template":"","format":"standard","meta":{"om_disable_all_campaigns":false,"_monsterinsights_skip_tracking":false,"_monsterinsights_sitenote_active":false,"_monsterinsights_sitenote_note":"","_monsterinsights_sitenote_category":0,"footnotes":""},"categories":[1461],"tags":[306,354,1494],"class_list":["post-33234","post","type-post","status-publish","format-standard","has-post-thumbnail","hentry","category-konkursi","tag-konkurs","tag-organizacije","tag-osnazivanje"],"jetpack_featured_media_url":"https:\/\/www.mladibl.com\/wp-content\/uploads\/2023\/08\/POKRENITE-POZITIVNE-PROMENE-U-SVOM-OKRUZENJU.jpg","amp_enabled":true,"_links":{"self":[{"href":"https:\/\/www.mladibl.com\/index.php?rest_route=\/wp\/v2\/posts\/33234","targetHints":{"allow":["GET"]}}],"collection":[{"href":"https:\/\/www.mladibl.com\/index.php?rest_route=\/wp\/v2\/posts"}],"about":[{"href":"https:\/\/www.mladibl.com\/index.php?rest_route=\/wp\/v2\/types\/post"}],"author":[{"embeddable":true,"href":"https:\/\/www.mladibl.com\/index.php?rest_route=\/wp\/v2\/users\/1"}],"replies":[{"embeddable":true,"href":"https:\/\/www.mladibl.com\/index.php?rest_route=%2Fwp%2Fv2%2Fcomments&post=33234"}],"version-history":[{"count":1,"href":"https:\/\/www.mladibl.com\/index.php?rest_route=\/wp\/v2\/posts\/33234\/revisions"}],"predecessor-version":[{"id":33235,"href":"https:\/\/www.mladibl.com\/index.php?rest_route=\/wp\/v2\/posts\/33234\/revisions\/33235"}],"wp:featuredmedia":[{"embeddable":true,"href":"https:\/\/www.mladibl.com\/index.php?rest_route=\/wp\/v2\/media\/33206"}],"wp:attachment":[{"href":"https:\/\/www.mladibl.com\/index.php?rest_route=%2Fwp%2Fv2%2Fmedia&parent=33234"}],"wp:term":[{"taxonomy":"category","embeddable":true,"href":"https:\/\/www.mladibl.com\/index.php?rest_route=%2Fwp%2Fv2%2Fcategories&post=33234"},{"taxonomy":"post_tag","embeddable":true,"href":"https:\/\/www.mladibl.com\/index.php?rest_route=%2Fwp%2Fv2%2Ftags&post=33234"}],"curies":[{"name":"wp","href":"https:\/\/api.w.org\/{rel}","templated":true}]}}