{"id":33143,"date":"2023-08-14T08:03:46","date_gmt":"2023-08-14T06:03:46","guid":{"rendered":"https:\/\/www.mladibl.com\/?p=33143"},"modified":"2023-08-14T08:03:48","modified_gmt":"2023-08-14T06:03:48","slug":"koncert-dua-accordiano-u-art-dvoristu-banskog-dvora","status":"publish","type":"post","link":"https:\/\/www.mladibl.com\/?p=33143","title":{"rendered":"Koncert Dua Accordiano u Art dvori\u0161tu Banskog dvora"},"content":{"rendered":"\n<p>U Art dvori\u0161tu Banskog dvora, u utorak, 22. avgusta sa po\u010detkom u 21.00 \u010das bi\u0107e odr\u017ean koncert Dua Accordiano, kojeg \u010dine Sanja Zeli\u0107 (klavir) &amp; Darko Ru\u017ei\u010di\u0107 (harmonika).<\/p>\n\n\n\n<p>-Kompozicije na ovom koncertu publiku \u0107e na neko vrijeme odvesti u Francusku gdje \u0107e u\u017eivati u tangu Galiana i Hermose, ali i evergrin kompozicijama \u201eNa krovovima Pariza\u201c Girauda, \u201eIstorija jedne ljubavi\u201c Almarana, \u201ePor una Cabeza\u201c Gardela, \u201eYo soy Maria\u201c Pjacole \u2013 navedeno je u saop\u0161tenju.<\/p>\n\n\n\n<p>Isti\u010du kako ovi muzi\u010dki umjetnici godinama dijele scenu zajedno.<\/p>\n\n\n\n<p>-Ve\u0107 20 godina \u010dlanovi su kamernog saastava \u201eLibertango\u201c, a godinama uspje\u0161no svoje znanje prenose na u\u010denike Umjetni\u010dke \u0161kole \u201eVlado Milo\u0161evi\u0107\u201c \u2013 isti\u010du u Banskom dvoru.<\/p>\n\n\n\n<p>Besplatne pozivnice mo\u017eete preuzeti na biletarnici Banskog dvora svakim radnim danom, osim vikendom u periodu od 12.00 do 18.00 \u010dasova.<\/p>\n\n\n\n<p>Preuzeto sa: <a href=\"https:\/\/www.banjaluka.rs.ba\/koncert-dua-accordiano-u-art-dvoristu-banskog-dvora\/\" data-type=\"link\" data-id=\"https:\/\/www.banjaluka.rs.ba\/koncert-dua-accordiano-u-art-dvoristu-banskog-dvora\/\" target=\"_blank\" rel=\"noreferrer noopener\">Grad Banja Luka<\/a><\/p>\n","protected":false},"excerpt":{"rendered":"<p>U Art dvori\u0161tu Banskog dvora, u utorak, 22. avgusta sa po\u010detkom u 21.00 \u010das bi\u0107e odr\u017ean koncert Dua Accordiano, kojeg<\/p>\n","protected":false},"author":1,"featured_media":33140,"comment_status":"closed","ping_status":"open","sticky":false,"template":"","format":"standard","meta":{"om_disable_all_campaigns":false,"_monsterinsights_skip_tracking":false,"_monsterinsights_sitenote_active":false,"_monsterinsights_sitenote_note":"","_monsterinsights_sitenote_category":0,"footnotes":""},"categories":[2],"tags":[5749,881,11745,3536],"class_list":["post-33143","post","type-post","status-publish","format-standard","has-post-thumbnail","hentry","category-vijesti","tag-art-dvoriste","tag-banski-dvor","tag-duo-accordiano","tag-koncert"],"jetpack_featured_media_url":"https:\/\/www.mladibl.com\/wp-content\/uploads\/2023\/08\/Koncert-Dua-Accordiano-u-Art-dvoristu-Banskog-dvora.jpg","amp_enabled":true,"_links":{"self":[{"href":"https:\/\/www.mladibl.com\/index.php?rest_route=\/wp\/v2\/posts\/33143","targetHints":{"allow":["GET"]}}],"collection":[{"href":"https:\/\/www.mladibl.com\/index.php?rest_route=\/wp\/v2\/posts"}],"about":[{"href":"https:\/\/www.mladibl.com\/index.php?rest_route=\/wp\/v2\/types\/post"}],"author":[{"embeddable":true,"href":"https:\/\/www.mladibl.com\/index.php?rest_route=\/wp\/v2\/users\/1"}],"replies":[{"embeddable":true,"href":"https:\/\/www.mladibl.com\/index.php?rest_route=%2Fwp%2Fv2%2Fcomments&post=33143"}],"version-history":[{"count":1,"href":"https:\/\/www.mladibl.com\/index.php?rest_route=\/wp\/v2\/posts\/33143\/revisions"}],"predecessor-version":[{"id":33144,"href":"https:\/\/www.mladibl.com\/index.php?rest_route=\/wp\/v2\/posts\/33143\/revisions\/33144"}],"wp:featuredmedia":[{"embeddable":true,"href":"https:\/\/www.mladibl.com\/index.php?rest_route=\/wp\/v2\/media\/33140"}],"wp:attachment":[{"href":"https:\/\/www.mladibl.com\/index.php?rest_route=%2Fwp%2Fv2%2Fmedia&parent=33143"}],"wp:term":[{"taxonomy":"category","embeddable":true,"href":"https:\/\/www.mladibl.com\/index.php?rest_route=%2Fwp%2Fv2%2Fcategories&post=33143"},{"taxonomy":"post_tag","embeddable":true,"href":"https:\/\/www.mladibl.com\/index.php?rest_route=%2Fwp%2Fv2%2Ftags&post=33143"}],"curies":[{"name":"wp","href":"https:\/\/api.w.org\/{rel}","templated":true}]}}