{"id":33129,"date":"2023-08-14T08:00:42","date_gmt":"2023-08-14T06:00:42","guid":{"rendered":"https:\/\/www.mladibl.com\/?p=33129"},"modified":"2023-08-14T08:00:43","modified_gmt":"2023-08-14T06:00:43","slug":"radionice-izlozbe-promocije-kocicev-zbor-u-danu-slobode-donosi-zanimljiv-sadrzaj-za-sve-generacije","status":"publish","type":"post","link":"https:\/\/www.mladibl.com\/?p=33129","title":{"rendered":"Radionice, izlo\u017ebe, promocije: Ko\u010di\u0107ev zbor u Danu slobode donosi zanimljiv sadr\u017eaj za sve generacije"},"content":{"rendered":"\n<p>Moderniji koncept sa naglaskom na ono \u0161to je tradicionalno i vrijedno obilje\u017ei\u0107e i ovogodi\u0161nju manifestaciju, \u010diji je prvi dan nazvan dan istine, drugi slobode, a tre\u0107i otad\u017ebine.<\/p>\n\n\n\n<p>Drugi dan, dan slobode donosi pregr\u0161t zanimljivog sadr\u017eaja za sve uzraste i generacije, te \u0107e tako, ba\u0161 kao i prethodne godine svi prisutni imati priliku da budu dio radionice Zmijanjskog veza, radionice doma\u0107e, tradicionalne kuhinje, izlo\u017ebe fotografija i promocije knjige, kao i etno koncertima.<\/p>\n\n\n\n<p>Savjetnica gradona\u010delnika, Mirna Savi\u0107 \u2013 Banjac poru\u010dila je kako je od pro\u0161le godine uveden novi koncept \u201eKo\u010di\u0107evog zbora\u201c, jer je u prethodnim godinama ova manifestacija bila promovisala bila vezana za neki drugi sadr\u017eaj, a izostala je promocija tradicije, obi\u010daja i kulture.<\/p>\n\n\n\n<p>-Upravo zbog toga, mnogo ljudi koji posje\u0107uju samu Manja\u010du nisu imali priliku da vide sve ono \u0161to Ko\u010di\u0107 zapravo pru\u017ea, nisu imali priliku da vide Manja\u010du kakva zaista jeste, da se upoznaju sa prirodom, kulturom, tradicijom i obi\u010dajima. Ove godine, ba\u0161 kao i prethodne, svim posjetiocima pru\u017ei\u0107emo mno\u0161tvo kvalitetnog sadr\u017eaja na samom zbori\u0161tu, pa tako Grad ponovo ima \u0161ator \u201eKod Jablana\u201c, u kojem \u0107e biti odr\u017eane razne aktivnosti, a koje za svrhu imaju da svim posjetiocima prika\u017eu prave vrijednosti Ko\u010di\u0107evog zbora \u2013 naglasila je ona.<\/p>\n\n\n\n<p>PROGRAM 26. AVGUSTA, gradski \u0161ator \u201eKod Jablana\u201c;<\/p>\n\n\n\n<p>-12.00 \u010dasova: Radionica Zmijanjskog veza za gra\u0111ane razli\u010ditih starosnih grupa (vezilja Sanja Baji\u0107), izlo\u017eba \u201eTragovi\u201c \u2013 Sanja Baji\u0107, promocija Zmijanjskog veza \u2013 pe\u0161kir dug 31 metar, \u0161irine 40 centimetara;<\/p>\n\n\n\n<p>-13.00 \u010dasova: \u0160kolica Zmijanjskog veza \u2013 uru\u010denje nagrada, doma\u0107a tradicionalna kuhinja i radionica (porodice, djeca, odrasli), izlaganje i prodaja doma\u0107ih proizvoda, izlo\u017eba fotografija u\u010diteljica sa Manja\u010de;<\/p>\n\n\n\n<p>-14.00 \u010dasova: Promocija knjige \u201eZmijanjski pisci Ko\u010di\u0107evi sljedbenici autora Vidosava \u0110ur\u0111evi\u0107a i Grozde Regodi\u0107;<\/p>\n\n\n\n<p>-15.00 \u010dasova \u2013 Dru\u017eenje sa piscima \u2013 statira.<\/p>\n\n\n\n<p>Preuzeto sa: <a href=\"https:\/\/www.banjaluka.rs.ba\/kocicev-zbor-u-danu-slobode-donosi-zanimljiv-sadrzaj-za-sve-generacije\/\" data-type=\"link\" data-id=\"https:\/\/www.banjaluka.rs.ba\/kocicev-zbor-u-danu-slobode-donosi-zanimljiv-sadrzaj-za-sve-generacije\/\" target=\"_blank\" rel=\"noreferrer noopener\">Grad Banja Luka<\/a><\/p>\n","protected":false},"excerpt":{"rendered":"<p>Moderniji koncept sa naglaskom na ono \u0161to je tradicionalno i vrijedno obilje\u017ei\u0107e i ovogodi\u0161nju manifestaciju, \u010diji je prvi dan nazvan<\/p>\n","protected":false},"author":1,"featured_media":33141,"comment_status":"closed","ping_status":"open","sticky":false,"template":"","format":"standard","meta":{"om_disable_all_campaigns":false,"_monsterinsights_skip_tracking":false,"_monsterinsights_sitenote_active":false,"_monsterinsights_sitenote_note":"","_monsterinsights_sitenote_category":0,"footnotes":""},"categories":[2],"tags":[784,1102,1892],"class_list":["post-33129","post","type-post","status-publish","format-standard","has-post-thumbnail","hentry","category-vijesti","tag-kocicev-zbor","tag-program","tag-sadrzaj"],"jetpack_featured_media_url":"https:\/\/www.mladibl.com\/wp-content\/uploads\/2023\/08\/httpswww.banjaluka.rs_.bawp-contentuploads202307DSC_9571.jpg.jpg","amp_enabled":true,"_links":{"self":[{"href":"https:\/\/www.mladibl.com\/index.php?rest_route=\/wp\/v2\/posts\/33129","targetHints":{"allow":["GET"]}}],"collection":[{"href":"https:\/\/www.mladibl.com\/index.php?rest_route=\/wp\/v2\/posts"}],"about":[{"href":"https:\/\/www.mladibl.com\/index.php?rest_route=\/wp\/v2\/types\/post"}],"author":[{"embeddable":true,"href":"https:\/\/www.mladibl.com\/index.php?rest_route=\/wp\/v2\/users\/1"}],"replies":[{"embeddable":true,"href":"https:\/\/www.mladibl.com\/index.php?rest_route=%2Fwp%2Fv2%2Fcomments&post=33129"}],"version-history":[{"count":1,"href":"https:\/\/www.mladibl.com\/index.php?rest_route=\/wp\/v2\/posts\/33129\/revisions"}],"predecessor-version":[{"id":33142,"href":"https:\/\/www.mladibl.com\/index.php?rest_route=\/wp\/v2\/posts\/33129\/revisions\/33142"}],"wp:featuredmedia":[{"embeddable":true,"href":"https:\/\/www.mladibl.com\/index.php?rest_route=\/wp\/v2\/media\/33141"}],"wp:attachment":[{"href":"https:\/\/www.mladibl.com\/index.php?rest_route=%2Fwp%2Fv2%2Fmedia&parent=33129"}],"wp:term":[{"taxonomy":"category","embeddable":true,"href":"https:\/\/www.mladibl.com\/index.php?rest_route=%2Fwp%2Fv2%2Fcategories&post=33129"},{"taxonomy":"post_tag","embeddable":true,"href":"https:\/\/www.mladibl.com\/index.php?rest_route=%2Fwp%2Fv2%2Ftags&post=33129"}],"curies":[{"name":"wp","href":"https:\/\/api.w.org\/{rel}","templated":true}]}}