{"id":32890,"date":"2023-08-02T00:17:10","date_gmt":"2023-08-01T22:17:10","guid":{"rendered":"https:\/\/www.mladibl.com\/?p=32890"},"modified":"2023-08-02T00:17:12","modified_gmt":"2023-08-01T22:17:12","slug":"inovacijska-vaucer-shema-otvoren-je-javni-poziv-za-prijavu-malih-i-srednjih-preduzeca-kao-korisnika-inovacijske-vaucer-sheme","status":"publish","type":"post","link":"https:\/\/www.mladibl.com\/?p=32890","title":{"rendered":"Inovacijska vau\u010der shema: Otvoren je Javni poziv za prijavu malih i srednjih preduze\u0107a kao korisnika inovacijske vau\u010der sheme"},"content":{"rendered":"\n<p>Prepoznaju\u0107i va\u017enost saradnje akademske zajednice i privrednog sektora, INTERA Tehnolo\u0161ki Park realizira&nbsp;<strong>projekt BOOST<\/strong>&nbsp;kojeg podr\u017eava projekt \u201cInovacije i digitalizacija malih i srednjih poduze\u0107a u Bosni i Hercegovini\/EU4DigitalSME\u201c, koji sufinanciraju Europska unija i Ministarstvo za ekonomski razvoj i saradnju SR Njema\u010dke (BMZ), a implementira GIZ. U okviru projekta BOOST danas je otvoren&nbsp;<strong><a href=\"https:\/\/eu4digitalsme.ba\/wp-content\/uploads\/2023\/07\/Javni-poziv-BOOST-MSP.pdf\" target=\"_blank\" rel=\"noreferrer noopener\">Javni poziv<\/a><\/strong>&nbsp;za sva zainteresovana mala i srednja preduze\u0107a.<\/p>\n\n\n\n<p>Inovacijska vau\u010der shema je program osmi\u0161ljen za&nbsp;<strong>promicanje saradnje industrije i akademske zajednice<\/strong>&nbsp;za razvoj inovativnih rje\u0161enja za lokalna mala i srednja poduze\u0107a u Bosni i Hercegovini. Generalni cilj programa je podr\u017eati inovacijske procese u malim i srednjim poduze\u0107ima u Bosni i Hercegovini kroz saradnju akademske zajednice i privrednog sektora.<\/p>\n\n\n\n<p>Predmet ovog Javnog poziva za mala i srednja poduze\u0107a, je&nbsp;<strong>izbor malih i srednjih poduze\u0107a<\/strong>&nbsp;koja&nbsp; \u0107e odabrati pru\u017eatelja usluga, ostvariti s njima kontakt i zajedno s pru\u017eateljem usluga aplicirati za vau\u010der. Prijavu je mogu\u0107e ostvariti isklju\u010divo za kori\u0161tenje neke od predstavljenih usluga u katalogu pru\u017eatelja usluga koji se nalazi na linku:&nbsp;<a href=\"https:\/\/interamo-my.sharepoint.com\/:x:\/g\/personal\/vedran_simunovic_intera_ba\/EQIBWNKT-sBMqkn9fY7_HKQB2XklhoitC9q4uUw3cnWpEQ?e=mmFI5i\" target=\"_blank\" rel=\"noreferrer noopener\">KATALOG ZA PRU\u017dATELJE USLUGA<\/a><\/p>\n\n\n\n<p>Prethodno odabrani&nbsp;<strong>pru\u017eatelji usluga<\/strong>&nbsp;kroz katalog usluga nude set usluga koje su spremni i kompetentni pru\u017eiti malim i srednjim poduze\u0107ima u Bosni i Hercegovini.<\/p>\n\n\n\n<p>Inovacijski vau\u010deri dodjeljivat \u0107e se za projekte koji se odnose na razvoj proizvoda, tehnolo\u0161ke inovacije ili inicijative i projekte digitalne transformacije malih i srednjih poduze\u0107a. U tu \u0107e svrhu mala i srednja poduze\u0107a morati dokazati da:<\/p>\n\n\n\n<ol class=\"wp-block-list\">\n<li>su kvalificirani kao prihvatljivi korisnici u okviru IVS-a,<\/li>\n\n\n\n<li>identificirati sebi odgovaraju\u0107eg pru\u017eatelja usluga s popisa\/kataloga odabranih subjekata<\/li>\n\n\n\n<li>imati stvarnu potrebu koja se mo\u017ee realizirati uslugama koje se mogu dobiti putem programa.<\/li>\n\n\n\n<li>definirali su koncept projekta u saradnji s pru\u017eateljem usluga ili samostalno.<\/li>\n<\/ol>\n\n\n\n<p>Maksimalna vrijednost jednog dodijeljenog vau\u010dera je&nbsp;<strong>5.000,00 EUR<\/strong>&nbsp;(u valuti BAM), a minimalna 2.000,00 KM. U\u010de\u0161\u0107e od strane malog ili srednjeg poduze\u0107a je&nbsp;<strong>minimalno 10%<\/strong>&nbsp;od vrijednosti vau\u010dera.<\/p>\n\n\n\n<p>Informirajte se o&nbsp;<strong>Javnom pozivu<\/strong>&nbsp;i na\u010dinu prijave&nbsp;<strong><a href=\"https:\/\/eu4digitalsme.ba\/wp-content\/uploads\/2023\/07\/Javni-poziv-BOOST-MSP.pdf\" target=\"_blank\" rel=\"noreferrer noopener\">OVDJE<\/a><\/strong>, unutar poziva mo\u017eete prona\u0107i i potrebne priloge, a ukoliko imate dodatna pitanja obratite se na&nbsp;<a href=\"mailto:boost@intera.ba\">boost@intera.ba<\/a>.<\/p>\n\n\n\n<p>Dodatne informacije o Javnom pozivu mo\u0107i \u0107ete dobiti i na online Info sesiji koja \u0107e se odr\u017eati&nbsp; 28.08.2023. godine u 13.00h (prijave za Info sesiju \u0107e biti otvorene naknadno).<\/p>\n\n\n\n<p>Prvi rok za podno\u0161enje prijava je&nbsp;<strong>petak, 29.09.2023. godine do 16h<\/strong>&nbsp;po lokalnom vremenu.<\/p>\n\n\n\n<p>Linkovi za pristup:<\/p>\n\n\n\n<ol class=\"wp-block-list\" type=\"1\">\n<li><a href=\"https:\/\/eu4digitalsme.ba\/wp-content\/uploads\/2023\/07\/Javni-poziv-BOOST-MSP.pdf\" target=\"_blank\" rel=\"noreferrer noopener\">Javni poziv<\/a><\/li>\n\n\n\n<li><a href=\"https:\/\/eu4digitalsme.ba\/wp-content\/uploads\/2023\/07\/Javni-poziv-BOOST-MSP-Prilog-3-4-5.docx\" target=\"_blank\" rel=\"noreferrer noopener\">Prilog 3-4-5<\/a><\/li>\n\n\n\n<li><a rel=\"noreferrer noopener\" href=\"https:\/\/eu4digitalsme.ba\/wp-content\/uploads\/2023\/07\/Javni-poziv-BOOST-MSP-Prilog-6.docx\" target=\"_blank\">Prilog 6<\/a><\/li>\n<\/ol>\n\n\n\n<p>Preuzeto sa: <a href=\"https:\/\/eu4digitalsme.ba\/en\/news\/inovacijska-vaucer-shema-otvoren-je-javni-poziv-za-prijavu-malih-i-srednjih-poduzeca-kao-korisnika-inovacijske-vaucer-sheme\/\" target=\"_blank\" rel=\"noreferrer noopener\">eu4digitalsme.ba<\/a><\/p>\n","protected":false},"excerpt":{"rendered":"<p>Prepoznaju\u0107i va\u017enost saradnje akademske zajednice i privrednog sektora, INTERA Tehnolo\u0161ki Park realizira&nbsp;projekt BOOST&nbsp;kojeg podr\u017eava projekt \u201cInovacije i digitalizacija malih i<\/p>\n","protected":false},"author":1,"featured_media":32866,"comment_status":"closed","ping_status":"open","sticky":false,"template":"","format":"standard","meta":{"om_disable_all_campaigns":false,"_monsterinsights_skip_tracking":false,"_monsterinsights_sitenote_active":false,"_monsterinsights_sitenote_note":"","_monsterinsights_sitenote_category":0,"footnotes":""},"categories":[370],"tags":[11686,840],"class_list":["post-32890","post","type-post","status-publish","format-standard","has-post-thumbnail","hentry","category-ostalo","tag-inovacijska-vaucer-shema","tag-mala-i-srednja-preduzeca"],"jetpack_featured_media_url":"https:\/\/www.mladibl.com\/wp-content\/uploads\/2023\/08\/Inovacijska-vaucer-shema_-Otvoren-je-Javni-poziv-za-prijavu-malih-i-srednjih-poduzeca-kao-korisnika-inovacijske-vaucer-sheme.jpg","amp_enabled":true,"_links":{"self":[{"href":"https:\/\/www.mladibl.com\/index.php?rest_route=\/wp\/v2\/posts\/32890","targetHints":{"allow":["GET"]}}],"collection":[{"href":"https:\/\/www.mladibl.com\/index.php?rest_route=\/wp\/v2\/posts"}],"about":[{"href":"https:\/\/www.mladibl.com\/index.php?rest_route=\/wp\/v2\/types\/post"}],"author":[{"embeddable":true,"href":"https:\/\/www.mladibl.com\/index.php?rest_route=\/wp\/v2\/users\/1"}],"replies":[{"embeddable":true,"href":"https:\/\/www.mladibl.com\/index.php?rest_route=%2Fwp%2Fv2%2Fcomments&post=32890"}],"version-history":[{"count":1,"href":"https:\/\/www.mladibl.com\/index.php?rest_route=\/wp\/v2\/posts\/32890\/revisions"}],"predecessor-version":[{"id":32891,"href":"https:\/\/www.mladibl.com\/index.php?rest_route=\/wp\/v2\/posts\/32890\/revisions\/32891"}],"wp:featuredmedia":[{"embeddable":true,"href":"https:\/\/www.mladibl.com\/index.php?rest_route=\/wp\/v2\/media\/32866"}],"wp:attachment":[{"href":"https:\/\/www.mladibl.com\/index.php?rest_route=%2Fwp%2Fv2%2Fmedia&parent=32890"}],"wp:term":[{"taxonomy":"category","embeddable":true,"href":"https:\/\/www.mladibl.com\/index.php?rest_route=%2Fwp%2Fv2%2Fcategories&post=32890"},{"taxonomy":"post_tag","embeddable":true,"href":"https:\/\/www.mladibl.com\/index.php?rest_route=%2Fwp%2Fv2%2Ftags&post=32890"}],"curies":[{"name":"wp","href":"https:\/\/api.w.org\/{rel}","templated":true}]}}