{"id":32812,"date":"2023-07-30T21:33:55","date_gmt":"2023-07-30T19:33:55","guid":{"rendered":"https:\/\/www.mladibl.com\/?p=32812"},"modified":"2023-07-30T21:33:56","modified_gmt":"2023-07-30T19:33:56","slug":"javni-poziv-za-clanove-radne-grupe-za-izradu-kurikuluma-u-sklopu-projekta-profos-profesionalizacija-omladinskog-sektora-kreiranjem-odrzivog-kurikuluma","status":"publish","type":"post","link":"https:\/\/www.mladibl.com\/?p=32812","title":{"rendered":"Javni poziv za \u010dlanove radne grupe za izradu kurikuluma u sklopu projekta PROFOS \u2013 Profesionalizacija Omladinskog Sektora Kreiranjem Odr\u017eivog Kurikuluma"},"content":{"rendered":"\n<p><strong>Perpetuum mobile \u2013 Institut za razvoj mladih i zajednice<\/strong>&nbsp;(u daljnjem tekstu Institut Perpetuum mobile) raspisuje Javni poziv za \u010dlanove\/ice za izradu kurikuluma u sklopu projekta PROFOS \u2013 Profesionalizacija Omladinskog Sektora Kreiranjem Odr\u017eivog Kurikuluma, a koji se realizuje uz podr\u0161ku Instituta za razvoj mladih KULT.<\/p>\n\n\n\n<p><br><strong>PROFOS \u2013 Profesionalizacija Omladinskog Sektora Kreiranjem Odr\u017eivog Kurikuluma<\/strong>&nbsp;je projekat koji doprinosi ja\u010danju civilnog dru\u0161tva i omladinskog sektora u BiH primjenom odr\u017eivih i postojanih modela saradnje vladinog i nevladinog sektora. Osnovni problem kojim se bavi projekat jeste, opadanje kvaliteta usluga omladinskih organizacija prema mladima i vitalnosti kompletnog omladinskog sektora, kao i postojanje potencijalnog rizika za zloupotrebu namjera radne etike i povjerenja prema radu omladinskih organizacija. Kako bi se razrije\u0161ila navedena problematika, neophodno je uspostaviti i primijeniti modalitet izgradnje kapaciteta profesionalne djelatnosti rada sa mladima, unaprijediti saradnju vladinog i nevladinog omladinskog sektora u kreiranju mehanizama za pobolj\u0161anje polo\u017eaja mladih od lokalnog ka vi\u0161im nivoima.<\/p>\n\n\n\n<p><br><strong>Cilj Javnog poziva je&nbsp;<\/strong>odabir eksperata\/ica za kreiranje jedne od oblasti u sklopu standardizovanog kurikuluma. Zainteresovana fizi\u010dka lica trebaju se prijaviti za isporuku svih usluga navedenih u Javnom pozivu. Na osnovi dostavljenih prijava Institut Perpetuum mobile \u0107e odabrati najkompetentnijeg podnosioca prijave u skladu sa dole navedenim kriterijumima.<\/p>\n\n\n\n<p><br><strong>Poziv podrazumijeva sljede\u0107e usluge:<\/strong><br>\uf0b7 U\u010destvovati na radnim sastancima \u010dlanova radne grupe na kojima \u0107e se delegirati zadaci,<br>zadu\u017eenja, pra\u0107enje i evaluacija postignutog, te usagla\u0161avanje radne verzije kurikuluma.<br>\uf0b7 Predava\u010dka ekspertiza na tematskim modulima za vrijeme pilot obuke kreiranog<br>standardizovanog kurikuluma.<br>\uf0b7 Kreiranje finalne verzije kurikuluma.<\/p>\n\n\n\n<p><br><strong>Oblasti:<\/strong><br>OBLAST 1: Omladinski rad, Aktivizam i volonterizam<br>OBLAST 2: Osnove projektnog ciklusa i Zagovaranje<br>OBLAST 3: Digitalni omladinski rad i Odnosi s javno\u0161\u0107u<br>OBLAST 4: Socijalne kompetencije i Organizacijske vje\u0161tine<\/p>\n\n\n\n<p><strong>Kriterijumi za prijavu:<\/strong><\/p>\n\n\n\n<ol class=\"wp-block-list\">\n<li>Podnosilac\/teljica je BiH gra\u0111anin<\/li>\n\n\n\n<li>Podnosilac\/teljica prijave je fizi\u010dko lice kojemu je BHS maternji jezik<\/li>\n\n\n\n<li>Podnosilac\/teljica prijave ima zna\u010dajno znanje i iskustvo u oblastima za koje se prijavljuje<\/li>\n\n\n\n<li>Podnosilac\/teljica prijave ima iskustvo u metodologiji izrade standardizovanih kurikuluma ili<br>programa obuka\/treninga\/seminara u neformalnom obrazovanju i\/ili obrazovanju odraslih.<\/li>\n\n\n\n<li>Podnosilac\/teljica prijave ima iskustvo u neformalnom obrazovanju i omladinskom sektoru te<br>facilitiranju obuka za oblasti za koje se prijavljuje ili sli\u010dnih obuka.<\/li>\n\n\n\n<li>Podnosilac\/teljica se mo\u017ee prijaviti za najvi\u0161e 2 teme unutar vi\u0161e oblasti.<\/li>\n\n\n\n<li>Dostavljena je sva tra\u017eena dokumentacija.<br>Dokumentacija:<br>Dokumentacija neophodna za prijavu:<\/li>\n\n\n\n<li>Curriculum vitae (CV) sa naglaskom na iskustvo u odabranoj oblasti;<\/li>\n\n\n\n<li>Tabelarni prikaz iskustava vezanih za oblasti za koje se prijavljuje sa nazna\u010denim iskustvom u<br>izradi metodologije i odr\u017eavanju obuka sa grupama do 20 polaznika\/ca;<\/li>\n\n\n\n<li>Lista referenci i publikacija ukoliko posjedujete;<\/li>\n\n\n\n<li>Finasijska ponuda koja uklju\u010duje broj radnih dana (8 sati) i jedini\u010dnu cijenu neto dnevnice.<br>Podnosilac\/teljica prijave mo\u017ee dostaviti i dodatnu dokumentaciju za koju smatra da mo\u017ee biti zna\u010dajna<br>prilikom bodovanja svih pristiglih prijava.<\/li>\n<\/ol>\n\n\n\n<p><strong>Rok za prijavu:<\/strong><br>Poziv ostaje otvoren&nbsp;<strong>do 11.8.2023. do 15 \u010dasova<\/strong><br>Svi podnosioci prijava bi\u0107e obavije\u0161teni o rezultatima i ishodu Javnog poziva putem e-maila do<br>18.8.2023.<\/p>\n\n\n\n<p><strong>Prijave dostaviti putem mejla\u00a0perpetuum-mobile@blic.net<\/strong><br>Sve dodatne informacije mo\u017eete dobiti na kontakt telefon 051 303 310 ili putem e-mail<br>kavaz.sonja1996@gmail.com<\/p>\n\n\n\n<p>Preuzeto sa: <a href=\"https:\/\/www.pm.rs.ba\/javni-poziv-za-clanove-radne-grupe-za-izradu-kurikuluma-u-sklopu-projekta-profos-profesionalizacija-omladinskog-sektora-kreiranjem-odrzivog-kurikuluma\" target=\"_blank\" rel=\"noreferrer noopener\">pm.rs.ba<\/a><\/p>\n","protected":false},"excerpt":{"rendered":"<p>Perpetuum mobile \u2013 Institut za razvoj mladih i zajednice&nbsp;(u daljnjem tekstu Institut Perpetuum mobile) raspisuje Javni poziv za \u010dlanove\/ice za<\/p>\n","protected":false},"author":1,"featured_media":32794,"comment_status":"closed","ping_status":"open","sticky":false,"template":"","format":"standard","meta":{"om_disable_all_campaigns":false,"_monsterinsights_skip_tracking":false,"_monsterinsights_sitenote_active":false,"_monsterinsights_sitenote_note":"","_monsterinsights_sitenote_category":0,"footnotes":""},"categories":[370],"tags":[1775,4465,142,355,11671,11670],"class_list":["post-32812","post","type-post","status-publish","format-standard","has-post-thumbnail","hentry","category-ostalo","tag-izrada","tag-kurikulum","tag-omladinski-rad","tag-poziv","tag-profos","tag-radna-grupa"],"jetpack_featured_media_url":"https:\/\/www.mladibl.com\/wp-content\/uploads\/2023\/07\/profos-omladinski-rad.jpg","amp_enabled":true,"_links":{"self":[{"href":"https:\/\/www.mladibl.com\/index.php?rest_route=\/wp\/v2\/posts\/32812","targetHints":{"allow":["GET"]}}],"collection":[{"href":"https:\/\/www.mladibl.com\/index.php?rest_route=\/wp\/v2\/posts"}],"about":[{"href":"https:\/\/www.mladibl.com\/index.php?rest_route=\/wp\/v2\/types\/post"}],"author":[{"embeddable":true,"href":"https:\/\/www.mladibl.com\/index.php?rest_route=\/wp\/v2\/users\/1"}],"replies":[{"embeddable":true,"href":"https:\/\/www.mladibl.com\/index.php?rest_route=%2Fwp%2Fv2%2Fcomments&post=32812"}],"version-history":[{"count":1,"href":"https:\/\/www.mladibl.com\/index.php?rest_route=\/wp\/v2\/posts\/32812\/revisions"}],"predecessor-version":[{"id":32813,"href":"https:\/\/www.mladibl.com\/index.php?rest_route=\/wp\/v2\/posts\/32812\/revisions\/32813"}],"wp:featuredmedia":[{"embeddable":true,"href":"https:\/\/www.mladibl.com\/index.php?rest_route=\/wp\/v2\/media\/32794"}],"wp:attachment":[{"href":"https:\/\/www.mladibl.com\/index.php?rest_route=%2Fwp%2Fv2%2Fmedia&parent=32812"}],"wp:term":[{"taxonomy":"category","embeddable":true,"href":"https:\/\/www.mladibl.com\/index.php?rest_route=%2Fwp%2Fv2%2Fcategories&post=32812"},{"taxonomy":"post_tag","embeddable":true,"href":"https:\/\/www.mladibl.com\/index.php?rest_route=%2Fwp%2Fv2%2Ftags&post=32812"}],"curies":[{"name":"wp","href":"https:\/\/api.w.org\/{rel}","templated":true}]}}