{"id":32640,"date":"2023-07-25T09:43:53","date_gmt":"2023-07-25T07:43:53","guid":{"rendered":"https:\/\/www.mladibl.com\/?p=32640"},"modified":"2023-07-25T09:43:55","modified_gmt":"2023-07-25T07:43:55","slug":"kocicev-zbor-ce-trajati-od-25-do-27-avgusta","status":"publish","type":"post","link":"https:\/\/www.mladibl.com\/?p=32640","title":{"rendered":"&#8220;Ko\u010di\u0107ev zbor&#8221; \u0107e trajati od 25. do 27. avgusta"},"content":{"rendered":"\n<p>U toku su intenzivne pripreme za obilje\u017eavanje 58. Ko\u010di\u0107evog zbora, koji \u0107e ove godine trajati od 25. do 27. avgusta.<\/p>\n\n\n\n<p>Naime, Organizacioni odbor usvojio je i program ove manifestacije posve\u0107ene srpskom knji\u017eevniku i narodnom tribunu Petru Ko\u010di\u0107u.<\/p>\n\n\n\n<p>&#8220;Ove godine manifestacija \u0107e, kao i prethodne, trajati tri dana&#8221;, kazali su iz Gradske uprave i dodali da \u0107e se sastojati od dana istine, slobode i otad\u017ebine.<\/p>\n\n\n\n<p>&#8220;Namjera je da se i ove godine, ba\u0161 kao i prethodne, aktivnosti organizuju \u0161to kvalitetnije, te da se na taj na\u010din o\u017eive Ko\u010di\u0107ev lik i djelo&#8221;, istakli su oni.<\/p>\n\n\n\n<p>Dodaju da \u0107e grad Banjaluka, s partnerima, u okviru ove manifestacije prirediti vi\u0161e razli\u010ditih doga\u0111aja tokom tri dana, od kojih \u0107e svaki dan nositi poruke iz Ko\u010di\u0107evih djela.<\/p>\n\n\n\n<p>&#8220;Tako \u0107e prvi dan nositi naziv Dan istine, drugi Dan slobode, a tre\u0107i Dan otad\u017ebine&#8221;, rekli su oni.<\/p>\n\n\n\n<p>Detaljan program manifestacije, koja \u0107e se i ove godine odr\u017eati u Beogradu i Banjaluci, te na Manja\u010di, u Stri\u010di\u0107ima, kako ka\u017eu, bi\u0107e objavljen u narednom periodu.<\/p>\n\n\n\n<p>Podsje\u0107amo da je pro\u0161le godine polaganjem vijenaca na spomenik tribunu i knji\u017eevniku i prigodnim kulturno-umjetni\u010dkim programom u parku &#8220;Petar Ko\u010di\u0107&#8221; sve\u010dano otvoren 57. Ko\u010di\u0107ev zbor.<\/p>\n\n\n\n<p>Prvog dana &#8220;Ko\u010di\u0107evog zbora&#8221; bilo je odr\u017eano ve\u010de satire, a u\u010destvovao je i stendap komi\u010dar Branko \u0110uri\u0107 \u0110uro, drugog dana, Dana slobode, predstavljena je zmijanjska kultura i tradicija, te je na zbori\u0161tu u Stri\u010di\u0107ima odr\u017ean prvi dio tradicionalne bodljavine bakova, dok je zavr\u0161nog, tre\u0107eg dana &#8220;Ko\u010di\u0107evog zbora&#8221; slu\u017eena sveta arhijerejska liturgija u crkvi Uspenja Presvete Bogorodice, nakon \u010dega je odata po\u010dast junacima otad\u017ebine, te polo\u017eeni vijenci na Spomenik poginulim borcima u Stri\u010di\u0107ima. Na zbori\u0161tu su nastavljena nadmetanja u narodnim vje\u0161tinama i sportovima, uz u\u010de\u0161\u0107e padobranaca, te drugi dio bodljavine bakova i dodjela nagrade &#8220;Jablan&#8221;.<\/p>\n\n\n\n<p>Preuzeto sa: <a href=\"https:\/\/www.nezavisne.com\/novosti\/banjaluka\/Kocicev-zbor-ce-trajati-od-25-do-27-avgusta\/781427\" target=\"_blank\" rel=\"noreferrer noopener\">nezavisne.com<\/a><\/p>\n","protected":false},"excerpt":{"rendered":"<p>U toku su intenzivne pripreme za obilje\u017eavanje 58. Ko\u010di\u0107evog zbora, koji \u0107e ove godine trajati od 25. do 27. avgusta.<\/p>\n","protected":false},"author":1,"featured_media":32650,"comment_status":"closed","ping_status":"open","sticky":false,"template":"","format":"standard","meta":{"om_disable_all_campaigns":false,"_monsterinsights_skip_tracking":false,"_monsterinsights_sitenote_active":false,"_monsterinsights_sitenote_note":"","_monsterinsights_sitenote_category":0,"footnotes":""},"categories":[2],"tags":[784],"class_list":["post-32640","post","type-post","status-publish","format-standard","has-post-thumbnail","hentry","category-vijesti","tag-kocicev-zbor"],"jetpack_featured_media_url":"https:\/\/www.mladibl.com\/wp-content\/uploads\/2023\/07\/Kocicev-zbor_-ce-trajati-od-25.-do-27.-avgusta.jpg","amp_enabled":true,"_links":{"self":[{"href":"https:\/\/www.mladibl.com\/index.php?rest_route=\/wp\/v2\/posts\/32640","targetHints":{"allow":["GET"]}}],"collection":[{"href":"https:\/\/www.mladibl.com\/index.php?rest_route=\/wp\/v2\/posts"}],"about":[{"href":"https:\/\/www.mladibl.com\/index.php?rest_route=\/wp\/v2\/types\/post"}],"author":[{"embeddable":true,"href":"https:\/\/www.mladibl.com\/index.php?rest_route=\/wp\/v2\/users\/1"}],"replies":[{"embeddable":true,"href":"https:\/\/www.mladibl.com\/index.php?rest_route=%2Fwp%2Fv2%2Fcomments&post=32640"}],"version-history":[{"count":1,"href":"https:\/\/www.mladibl.com\/index.php?rest_route=\/wp\/v2\/posts\/32640\/revisions"}],"predecessor-version":[{"id":32651,"href":"https:\/\/www.mladibl.com\/index.php?rest_route=\/wp\/v2\/posts\/32640\/revisions\/32651"}],"wp:featuredmedia":[{"embeddable":true,"href":"https:\/\/www.mladibl.com\/index.php?rest_route=\/wp\/v2\/media\/32650"}],"wp:attachment":[{"href":"https:\/\/www.mladibl.com\/index.php?rest_route=%2Fwp%2Fv2%2Fmedia&parent=32640"}],"wp:term":[{"taxonomy":"category","embeddable":true,"href":"https:\/\/www.mladibl.com\/index.php?rest_route=%2Fwp%2Fv2%2Fcategories&post=32640"},{"taxonomy":"post_tag","embeddable":true,"href":"https:\/\/www.mladibl.com\/index.php?rest_route=%2Fwp%2Fv2%2Ftags&post=32640"}],"curies":[{"name":"wp","href":"https:\/\/api.w.org\/{rel}","templated":true}]}}