{"id":32272,"date":"2023-07-10T08:35:34","date_gmt":"2023-07-10T06:35:34","guid":{"rendered":"https:\/\/www.mladibl.com\/?p=32272"},"modified":"2023-07-10T08:48:56","modified_gmt":"2023-07-10T06:48:56","slug":"besplatna-dvodnevna-obuka-iz-digitalnog-marketinga-prijave-do-24-jula","status":"publish","type":"post","link":"https:\/\/www.mladibl.com\/?p=32272","title":{"rendered":"Besplatna dvodnevna obuka iz digitalnog marketinga, prijave do 24. jula"},"content":{"rendered":"\n<p>Grad Banja Luka organizuje besplatnu dvodnevnu obuku iz digitalnog marketinga za samostalne preduzetnike, koji imaju registrovane samostalne preduzetni\u010dke radnje na podru\u010dju grada Banje Luke.<\/p>\n\n\n\n<p>U\u010desnici \u0107e imati priliku da savladaju osnovna znanja i vje\u0161tine iz oblasti digitalnog marketinga, na primjeru vlastitog poslovanja.<\/p>\n\n\n\n<p>-Cilj obuke je pru\u017eanje podr\u0161ke razvoju biznisa mladih osoba do 35 godina starosti i podr\u0161ku razvoju \u017eenskog preduzetni\u0161tva u Banjoj Luci, ali i svim ostalim samostalnim preduzetnicima koji \u017eele da kroz primjenu digitalnog marketinga unaprijede svoje poslovanje. Svi zainteresovani potrebno je da se prijave najkasnije do ponedjeljka, 24. jula \u2013 navode iz Odjeljenja za privredu i lokalni ekonomski razvoj.<\/p>\n\n\n\n<p>Dodaju kako \u0107e svi u\u010desnici kroz besplatan dvodnevni program obuke iz oblasti dru\u0161tvenih medija imati priliku da steknu znanja i vje\u0161tine iz sljede\u0107ih oblasti:<\/p>\n\n\n\n<p><strong>-Prezentacija vlastitog biznisa na dru\u0161tvenim medijima,<\/strong><\/p>\n\n\n\n<p><strong>-Kori\u0161tenje alata digitalnog marketinga i<\/strong><\/p>\n\n\n\n<p><strong>-Evaluacija marketin\u0161kih aktivnosti.<\/strong><\/p>\n\n\n\n<p>Obuka \u0107e biti odr\u017eana u prostorijama podru\u010dne Privredne komore u Banjoj Luci, u terminu od 9.00 do 14.00 \u010dasova, na adresi Branka \u0106opi\u0107a 6,&nbsp; 26. i 31. jula.<\/p>\n\n\n\n<p>Zainteresovani mogu dostaviti prijave putem linka:\u00a0<strong><a href=\"https:\/\/forms.gle\/koM3wi2Bk9BjGynDA\" target=\"_blank\" rel=\"noreferrer noopener\">https:\/\/forms.gle\/koM3wi2Bk9BjGynDA<\/a><\/strong><\/p>\n\n\n\n<p>Za dodatne informacije, mo\u017eete se obratiti putem elektronske po\u0161te:\u00a0<a href=\"mailto:preduzetnicki.centar@banjaluka.rs.ba\">preduzetnicki.centar@banjaluka.rs.ba<\/a>\u00a0ili putem kontakt telefona\u00a0051 244 448 i 066 864 961.<\/p>\n\n\n\n<p>Preuzeto sa: <a href=\"https:\/\/www.banjaluka.rs.ba\/besplatna-dvodnevna-obuka-iz-digitalnog-marketinga-prijave-do-24-jula\/\" target=\"_blank\" rel=\"noreferrer noopener\">Grad Banja Luka<\/a><\/p>\n","protected":false},"excerpt":{"rendered":"<p>Grad Banja Luka organizuje besplatnu dvodnevnu obuku iz digitalnog marketinga za samostalne preduzetnike, koji imaju registrovane samostalne preduzetni\u010dke radnje na<\/p>\n","protected":false},"author":1,"featured_media":32257,"comment_status":"closed","ping_status":"open","sticky":false,"template":"","format":"standard","meta":{"om_disable_all_campaigns":false,"_monsterinsights_skip_tracking":false,"_monsterinsights_sitenote_active":false,"_monsterinsights_sitenote_note":"","_monsterinsights_sitenote_category":0,"footnotes":""},"categories":[4,8692],"tags":[650,325,288],"class_list":["post-32272","post","type-post","status-publish","format-standard","has-post-thumbnail","hentry","category-edukacija","category-izdvajamo","tag-digitalni-marketing","tag-obuka","tag-preduzetnici"],"jetpack_featured_media_url":"https:\/\/www.mladibl.com\/wp-content\/uploads\/2023\/07\/U-organizaciji-Grada_-Besplatna-dvodnevna-obuka-iz-digitalnog-marketinga-prijave-do-24.-jula.jpg","amp_enabled":true,"_links":{"self":[{"href":"https:\/\/www.mladibl.com\/index.php?rest_route=\/wp\/v2\/posts\/32272","targetHints":{"allow":["GET"]}}],"collection":[{"href":"https:\/\/www.mladibl.com\/index.php?rest_route=\/wp\/v2\/posts"}],"about":[{"href":"https:\/\/www.mladibl.com\/index.php?rest_route=\/wp\/v2\/types\/post"}],"author":[{"embeddable":true,"href":"https:\/\/www.mladibl.com\/index.php?rest_route=\/wp\/v2\/users\/1"}],"replies":[{"embeddable":true,"href":"https:\/\/www.mladibl.com\/index.php?rest_route=%2Fwp%2Fv2%2Fcomments&post=32272"}],"version-history":[{"count":1,"href":"https:\/\/www.mladibl.com\/index.php?rest_route=\/wp\/v2\/posts\/32272\/revisions"}],"predecessor-version":[{"id":32273,"href":"https:\/\/www.mladibl.com\/index.php?rest_route=\/wp\/v2\/posts\/32272\/revisions\/32273"}],"wp:featuredmedia":[{"embeddable":true,"href":"https:\/\/www.mladibl.com\/index.php?rest_route=\/wp\/v2\/media\/32257"}],"wp:attachment":[{"href":"https:\/\/www.mladibl.com\/index.php?rest_route=%2Fwp%2Fv2%2Fmedia&parent=32272"}],"wp:term":[{"taxonomy":"category","embeddable":true,"href":"https:\/\/www.mladibl.com\/index.php?rest_route=%2Fwp%2Fv2%2Fcategories&post=32272"},{"taxonomy":"post_tag","embeddable":true,"href":"https:\/\/www.mladibl.com\/index.php?rest_route=%2Fwp%2Fv2%2Ftags&post=32272"}],"curies":[{"name":"wp","href":"https:\/\/api.w.org\/{rel}","templated":true}]}}