{"id":32270,"date":"2023-07-10T08:33:38","date_gmt":"2023-07-10T06:33:38","guid":{"rendered":"https:\/\/www.mladibl.com\/?p=32270"},"modified":"2023-07-10T08:33:40","modified_gmt":"2023-07-10T06:33:40","slug":"izlozbe-koncerti-banski-dvor-donosi-bogat-program-i-u-julu","status":"publish","type":"post","link":"https:\/\/www.mladibl.com\/?p=32270","title":{"rendered":"Izlo\u017ebe, koncerti: Banski dvor donosi bogat program i u julu"},"content":{"rendered":"\n<p>U Kulturnom centru Banski dvor ovaj mjesec, ba\u0161 kao i svih prethodnik, o\u010dekuju izuzetno zanimljivi i raznovrsni programski sadr\u017eaji, kao \u0161to su raznovrsni koncertii izlo\u017ebe.<\/p>\n\n\n\n<p>Tako je ponedjeljak, 10. jula rezervisan za Bajramski koncert, od 20.00 \u010dasova, dok je termin od 21.00 \u010das rezervisan za koncert Marije \u0160esti\u0107 i Sanje \u010coli\u0107 Zeli\u0107 u Art dvori\u0161tu.<\/p>\n\n\n\n<p>Od 20. jula po\u010dinje i manifestacija \u201eVezeni most\u201c, koja \u0107e trajati sve do nedjelje, 30. jula.<\/p>\n\n\n\n<p>\u0160esti festival knji\u017eevnosti \u201eImperativ\u201c po\u010dinje ve\u0107 danas u 10.00 \u010dasova.<\/p>\n\n\n\n<p>U ovom mjesecu i za sve ljubitelje d\u017eeza pripremljen je zanimljiv program detaljan program pogledajte\u00a0<strong><a href=\"https:\/\/www.banjaluka.rs.ba\/wp-content\/uploads\/2023\/07\/Program-foto.jpg\" target=\"_blank\" rel=\"noreferrer noopener\">OVDJE<\/a><\/strong><a href=\"https:\/\/www.banjaluka.rs.ba\/wp-content\/uploads\/2023\/07\/Program-foto.jpg\">.<\/a><\/p>\n\n\n\n<p>Preuzeto sa: <a href=\"https:\/\/www.banjaluka.rs.ba\/izlozbe-koncerti-banski-dvor-donosi-bogat-program-i-u-julu\/\" target=\"_blank\" rel=\"noreferrer noopener\">Grad Banja Luka<\/a><\/p>\n","protected":false},"excerpt":{"rendered":"<p>U Kulturnom centru Banski dvor ovaj mjesec, ba\u0161 kao i svih prethodnik, o\u010dekuju izuzetno zanimljivi i raznovrsni programski sadr\u017eaji, kao<\/p>\n","protected":false},"author":1,"featured_media":32258,"comment_status":"closed","ping_status":"open","sticky":false,"template":"","format":"standard","meta":{"om_disable_all_campaigns":false,"_monsterinsights_skip_tracking":false,"_monsterinsights_sitenote_active":false,"_monsterinsights_sitenote_note":"","_monsterinsights_sitenote_category":0,"footnotes":""},"categories":[2],"tags":[881,5270,1102],"class_list":["post-32270","post","type-post","status-publish","format-standard","has-post-thumbnail","hentry","category-vijesti","tag-banski-dvor","tag-jul","tag-program"],"jetpack_featured_media_url":"https:\/\/www.mladibl.com\/wp-content\/uploads\/2023\/07\/Izlozbe-koncerti_-Banski-dvor-donosi-bogat-program-i-u-julu.jpg","amp_enabled":true,"_links":{"self":[{"href":"https:\/\/www.mladibl.com\/index.php?rest_route=\/wp\/v2\/posts\/32270","targetHints":{"allow":["GET"]}}],"collection":[{"href":"https:\/\/www.mladibl.com\/index.php?rest_route=\/wp\/v2\/posts"}],"about":[{"href":"https:\/\/www.mladibl.com\/index.php?rest_route=\/wp\/v2\/types\/post"}],"author":[{"embeddable":true,"href":"https:\/\/www.mladibl.com\/index.php?rest_route=\/wp\/v2\/users\/1"}],"replies":[{"embeddable":true,"href":"https:\/\/www.mladibl.com\/index.php?rest_route=%2Fwp%2Fv2%2Fcomments&post=32270"}],"version-history":[{"count":1,"href":"https:\/\/www.mladibl.com\/index.php?rest_route=\/wp\/v2\/posts\/32270\/revisions"}],"predecessor-version":[{"id":32271,"href":"https:\/\/www.mladibl.com\/index.php?rest_route=\/wp\/v2\/posts\/32270\/revisions\/32271"}],"wp:featuredmedia":[{"embeddable":true,"href":"https:\/\/www.mladibl.com\/index.php?rest_route=\/wp\/v2\/media\/32258"}],"wp:attachment":[{"href":"https:\/\/www.mladibl.com\/index.php?rest_route=%2Fwp%2Fv2%2Fmedia&parent=32270"}],"wp:term":[{"taxonomy":"category","embeddable":true,"href":"https:\/\/www.mladibl.com\/index.php?rest_route=%2Fwp%2Fv2%2Fcategories&post=32270"},{"taxonomy":"post_tag","embeddable":true,"href":"https:\/\/www.mladibl.com\/index.php?rest_route=%2Fwp%2Fv2%2Ftags&post=32270"}],"curies":[{"name":"wp","href":"https:\/\/api.w.org\/{rel}","templated":true}]}}